{"id":901,"date":"2022-04-19T15:03:32","date_gmt":"2022-04-19T12:03:32","guid":{"rendered":"http:\/\/akdenizhaberajansi.com\/?p=901"},"modified":"2022-04-19T15:03:33","modified_gmt":"2022-04-19T12:03:33","slug":"mersinde-gizemli-ev-bitisigindeki-evde-yangin-cikti","status":"publish","type":"post","link":"https:\/\/akdenizhaberajansi.com\/index.php\/2022\/04\/19\/mersinde-gizemli-ev-bitisigindeki-evde-yangin-cikti\/","title":{"rendered":"Mersin&#8217;de, &#8216;gizemli ev&#8217; biti\u015fi\u011findeki evde yang\u0131n \u00e7\u0131kt\u0131"},"content":{"rendered":"\n<p>Mersin\u2019in Tarsus il\u00e7esine ba\u011fl\u0131 82 Evler Mahallesi&#8217;nde, bir d\u00f6nem \u00fclke g\u00fcndeminden d\u00fc\u015fmeyen, M\u0130T Ba\u015fkanl\u0131\u011f\u0131 g\u00f6zetiminde 1 y\u0131l kaz\u0131 yap\u0131lan ve &#8216;gizemli ev&#8217; olarak bilinen evin biti\u015fi\u011findeki evde, sabah saatlerinde hen\u00fcz belirlenemeyen nedenle yang\u0131n \u00e7\u0131kt\u0131.<\/p>\n\n\n\n<p>B\u00f6lgeden y\u00fckselen dumanlar\u0131 fark eden \u00e7evredeki vatanda\u015flar, durumu itfaiye ekiplerine bildirdi.<\/p>\n\n\n\n<p>DHA\u2019n\u0131n haberine g\u00f6re; b\u00f6lgeye sevk edilen itfaiye ekipleri, g\u00fcvenlik \u00f6nlemleri alarak alevlere m\u00fcdahale etti.<\/p>\n\n\n\n<h4 class=\"wp-block-heading\">Evdeki anne ve k\u0131z\u0131 dumandan etkilendi<\/h4>\n\n\n\n<p>Yang\u0131n s\u0131ras\u0131nda evde bulunan M\u00fczeyyen Ataseven (50) ile k\u0131z\u0131 Ekin Ataseven (25) dumandan etkilendi.<\/p>\n\n\n\n<p>\u0130\u00e7eriden \u00e7\u0131kar\u0131lan anne ve k\u0131z\u0131na, sa\u011fl\u0131k ekiplerince ambulansta m\u00fcdahale edildi. Alevler, itfaiye ekiplerince kontrol alt\u0131na al\u0131narak s\u00f6nd\u00fcr\u00fcld\u00fc.<\/p>\n\n\n\n<p><a href=\"https:\/\/icdn.ensonhaber.com\/resimler\/diger\/kok\/2022\/04\/19\/yangin_3934.jpg\"><\/a><\/p>\n\n\n\n<figure class=\"wp-block-image\"><a href=\"https:\/\/icdn.ensonhaber.com\/resimler\/diger\/kok\/2022\/04\/19\/yangin_3934.jpg\"><img decoding=\"async\" src=\"https:\/\/icdn.ensonhaber.com\/resimler\/diger\/kok\/2022\/04\/19\/yangin_3934.jpg\" alt=\"Mersin de,  gizemli ev  biti\u015fi\u011findeki evde yang\u0131n \u00e7\u0131kt\u0131 #1\"\/><\/a><\/figure>\n\n\n\n<h4 class=\"wp-block-heading\">Soru\u015fturma ba\u015flat\u0131ld\u0131<\/h4>\n\n\n\n<p>Hasar g\u00f6ren evdeki e\u015fyalar kullan\u0131lamaz hale gelirken, yang\u0131n\u0131n \u00e7\u0131k\u0131\u015f nedeninin belirlenmesi i\u00e7in soru\u015fturma ba\u015flat\u0131ld\u0131.<\/p>\n\n\n\n<p><a href=\"https:\/\/videonuz.ensonhaber.com\/izle\/mersinde-gizemli-ev-bitisigindeki-evde-yangin-cikti\" target=\"_blank\" rel=\"noreferrer noopener\">Mersin&#8217;de, &#8216;gizemli ev&#8217; biti\u015fi\u011findeki evde yang\u0131n \u00e7\u0131kt\u0131 V\u0130DEO<\/a><\/p>\n\n\n\n<figure class=\"wp-block-embed\"><div class=\"wp-block-embed__wrapper\">\nhttps:\/\/videonuz.ensonhaber.com\/player\/235215?w=620&#038;h=360\n<\/div><\/figure>\n\n\n\n<p><a href=\"https:\/\/icdn.ensonhaber.com\/resimler\/diger\/kok\/2022\/04\/19\/yangin_356.jpg\"><\/a><\/p>\n\n\n\n<figure class=\"wp-block-image\"><a href=\"https:\/\/icdn.ensonhaber.com\/resimler\/diger\/kok\/2022\/04\/19\/yangin_356.jpg\"><img decoding=\"async\" src=\"https:\/\/icdn.ensonhaber.com\/resimler\/diger\/kok\/2022\/04\/19\/yangin_356.jpg\" alt=\"Mersin de,  gizemli ev  biti\u015fi\u011findeki evde yang\u0131n \u00e7\u0131kt\u0131 #2\"\/><\/a><\/figure>\n\n\n\n<p><a href=\"https:\/\/icdn.ensonhaber.com\/resimler\/diger\/kok\/2022\/04\/19\/yangin_5634.jpg\"><\/a><\/p>\n","protected":false},"excerpt":{"rendered":"<p>Mersin\u2019in Tarsus il\u00e7esine ba\u011fl\u0131 82 Evler Mahallesi&#8217;nde, bir d\u00f6nem \u00fclke g\u00fcndeminden d\u00fc\u015fmeyen, M\u0130T Ba\u015fkanl\u0131\u011f\u0131 g\u00f6zetiminde&#8230;<\/p>\n","protected":false},"author":1,"featured_media":902,"comment_status":"open","ping_status":"open","sticky":false,"template":"","format":"standard","meta":{"footnotes":""},"categories":[6],"tags":[],"class_list":["post-901","post","type-post","status-publish","format-standard","has-post-thumbnail","hentry","category-antalya"],"_links":{"self":[{"href":"https:\/\/akdenizhaberajansi.com\/index.php\/wp-json\/wp\/v2\/posts\/901","targetHints":{"allow":["GET"]}}],"collection":[{"href":"https:\/\/akdenizhaberajansi.com\/index.php\/wp-json\/wp\/v2\/posts"}],"about":[{"href":"https:\/\/akdenizhaberajansi.com\/index.php\/wp-json\/wp\/v2\/types\/post"}],"author":[{"embeddable":true,"href":"https:\/\/akdenizhaberajansi.com\/index.php\/wp-json\/wp\/v2\/users\/1"}],"replies":[{"embeddable":true,"href":"https:\/\/akdenizhaberajansi.com\/index.php\/wp-json\/wp\/v2\/comments?post=901"}],"version-history":[{"count":1,"href":"https:\/\/akdenizhaberajansi.com\/index.php\/wp-json\/wp\/v2\/posts\/901\/revisions"}],"predecessor-version":[{"id":903,"href":"https:\/\/akdenizhaberajansi.com\/index.php\/wp-json\/wp\/v2\/posts\/901\/revisions\/903"}],"wp:featuredmedia":[{"embeddable":true,"href":"https:\/\/akdenizhaberajansi.com\/index.php\/wp-json\/wp\/v2\/media\/902"}],"wp:attachment":[{"href":"https:\/\/akdenizhaberajansi.com\/index.php\/wp-json\/wp\/v2\/media?parent=901"}],"wp:term":[{"taxonomy":"category","embeddable":true,"href":"https:\/\/akdenizhaberajansi.com\/index.php\/wp-json\/wp\/v2\/categories?post=901"},{"taxonomy":"post_tag","embeddable":true,"href":"https:\/\/akdenizhaberajansi.com\/index.php\/wp-json\/wp\/v2\/tags?post=901"}],"curies":[{"name":"wp","href":"https:\/\/api.w.org\/{rel}","templated":true}]}}