{"id":763,"date":"2022-04-01T03:56:50","date_gmt":"2022-04-01T00:56:50","guid":{"rendered":"http:\/\/akdenizhaberajansi.com\/?p=763"},"modified":"2022-04-01T03:56:51","modified_gmt":"2022-04-01T00:56:51","slug":"besiktasta-alexander-sorlotha-onay-cikti","status":"publish","type":"post","link":"https:\/\/akdenizhaberajansi.com\/index.php\/2022\/04\/01\/besiktasta-alexander-sorlotha-onay-cikti\/","title":{"rendered":"Be\u015fikta\u015f&#8217;ta Alexander S\u00f6rloth&#8217;a onay \u00e7\u0131kt\u0131"},"content":{"rendered":"\n<p>Gelecek sezona yapt\u0131\u011f\u0131 transferlerle \u015fimdiden haz\u0131rlananan Be\u015fikta\u015f&#8217;ta \u00e7al\u0131\u015fmalar devam ediyor.<\/p>\n\n\n\n<p>\u0130spanya La Liga ekibi Real Sociedad&#8217;da kiral\u0131k olarak forma giyen Alexander S\u00f6rloth, siyah-beyazl\u0131lar\u0131n transfer hedefleri aras\u0131nda yer al\u0131yor.<\/p>\n\n\n\n<h4 class=\"wp-block-heading\">ISMAEL ONAY VERD\u0130<\/h4>\n\n\n\n<p>Bonservisi Leipzig&#8217;de bulunan Norve\u00e7li golc\u00fc i\u00e7in yeni teknik direkt\u00f6r Valerien Ismael&#8217;le bir toplant\u0131 yapan y\u00f6netim, Frans\u0131z hocadan onay\u0131 ald\u0131. Y\u00f6netim, sezon sonu S\u00f6rloth i\u00e7in Leipzig&#8217;e kiralama teklifinde bulunacak.<\/p>\n\n\n\n<p><a href=\"https:\/\/icdn.ensonhaber.com\/resimler\/diger\/kok\/2022\/03\/31\/alexander-sorloth_463.jpeg\"><\/a><\/p>\n\n\n\n<figure class=\"wp-block-image\"><a href=\"https:\/\/icdn.ensonhaber.com\/resimler\/diger\/kok\/2022\/03\/31\/alexander-sorloth_463.jpeg\"><img decoding=\"async\" src=\"https:\/\/icdn.ensonhaber.com\/resimler\/diger\/kok\/2022\/03\/31\/alexander-sorloth_463.jpeg\" alt=\"Be\u015fikta\u015f ta Alexander S\u00f6rloth a onay \u00e7\u0131kt\u0131 #1\"\/><\/a><\/figure>\n\n\n\n<figure class=\"wp-block-image\"><a href=\"https:\/\/www.youtube.com\/c\/EnSonHabermedya?sub_confirmation=1\" target=\"_blank\" rel=\"noreferrer noopener\"><img decoding=\"async\" src=\"https:\/\/icdn.ensonhaber.com\/cdn\/youtube.svg\" alt=\"\"\/><\/a><\/figure>\n","protected":false},"excerpt":{"rendered":"<p>Gelecek sezona yapt\u0131\u011f\u0131 transferlerle \u015fimdiden haz\u0131rlananan Be\u015fikta\u015f&#8217;ta \u00e7al\u0131\u015fmalar devam ediyor. \u0130spanya La Liga ekibi Real&#8230;<\/p>\n","protected":false},"author":1,"featured_media":767,"comment_status":"open","ping_status":"open","sticky":false,"template":"","format":"standard","meta":{"footnotes":""},"categories":[6,5],"tags":[],"class_list":["post-763","post","type-post","status-publish","format-standard","has-post-thumbnail","hentry","category-antalya","category-spor"],"_links":{"self":[{"href":"https:\/\/akdenizhaberajansi.com\/index.php\/wp-json\/wp\/v2\/posts\/763","targetHints":{"allow":["GET"]}}],"collection":[{"href":"https:\/\/akdenizhaberajansi.com\/index.php\/wp-json\/wp\/v2\/posts"}],"about":[{"href":"https:\/\/akdenizhaberajansi.com\/index.php\/wp-json\/wp\/v2\/types\/post"}],"author":[{"embeddable":true,"href":"https:\/\/akdenizhaberajansi.com\/index.php\/wp-json\/wp\/v2\/users\/1"}],"replies":[{"embeddable":true,"href":"https:\/\/akdenizhaberajansi.com\/index.php\/wp-json\/wp\/v2\/comments?post=763"}],"version-history":[{"count":1,"href":"https:\/\/akdenizhaberajansi.com\/index.php\/wp-json\/wp\/v2\/posts\/763\/revisions"}],"predecessor-version":[{"id":768,"href":"https:\/\/akdenizhaberajansi.com\/index.php\/wp-json\/wp\/v2\/posts\/763\/revisions\/768"}],"wp:featuredmedia":[{"embeddable":true,"href":"https:\/\/akdenizhaberajansi.com\/index.php\/wp-json\/wp\/v2\/media\/767"}],"wp:attachment":[{"href":"https:\/\/akdenizhaberajansi.com\/index.php\/wp-json\/wp\/v2\/media?parent=763"}],"wp:term":[{"taxonomy":"category","embeddable":true,"href":"https:\/\/akdenizhaberajansi.com\/index.php\/wp-json\/wp\/v2\/categories?post=763"},{"taxonomy":"post_tag","embeddable":true,"href":"https:\/\/akdenizhaberajansi.com\/index.php\/wp-json\/wp\/v2\/tags?post=763"}],"curies":[{"name":"wp","href":"https:\/\/api.w.org\/{rel}","templated":true}]}}