{"id":740,"date":"2022-03-28T11:39:47","date_gmt":"2022-03-28T08:39:47","guid":{"rendered":"http:\/\/akdenizhaberajansi.com\/?p=740"},"modified":"2022-03-28T11:39:48","modified_gmt":"2022-03-28T08:39:48","slug":"turkiye-italya-hazirlik-maci-ne-zaman-saat-kacta-hangi-kanalda-milli-mac-icin-nefesler-tutuldu","status":"publish","type":"post","link":"https:\/\/akdenizhaberajansi.com\/index.php\/2022\/03\/28\/turkiye-italya-hazirlik-maci-ne-zaman-saat-kacta-hangi-kanalda-milli-mac-icin-nefesler-tutuldu\/","title":{"rendered":"T\u00fcrkiye &#8211; \u0130talya haz\u0131rl\u0131k ma\u00e7\u0131 ne zaman, saat ka\u00e7ta, hangi kanalda? Milli ma\u00e7 i\u00e7in nefesler tutuldu!"},"content":{"rendered":"\n<p>A Milli Futbol Tak\u0131m\u0131, 2022 D\u00fcnya Kupas\u0131 Elemeleri play-off yar\u0131 final ma\u00e7\u0131nda Portekiz ile kar\u015f\u0131 kar\u015f\u0131ya geldi.<\/p>\n\n\n\n<p>Portekiz&#8217;e kar\u015f\u0131 m\u00fccadeleyi 3-1 kaybeden&nbsp;Ay-y\u0131ld\u0131zl\u0131 ekip, D\u00fcnya Kupas\u0131 hayallerine veda etti.<\/p>\n\n\n\n<p>Akabinde g\u00f6zler Kuzey Makedonya&#8217;ya sahas\u0131nda yenilen \u0130talya ile yap\u0131lacak haz\u0131rl\u0131k ma\u00e7\u0131na \u00e7evrildi.<\/p>\n\n\n\n<p>T\u00fcrkiye &#8211; \u0130talya kar\u015f\u0131la\u015fmas\u0131 i\u00e7in geri say\u0131m devam ederken bir\u00e7ok futbolsever, milli ma\u00e7\u0131n ne zaman ve saat ka\u00e7ta oynanaca\u011f\u0131n\u0131 ara\u015ft\u0131rmaya ba\u015flad\u0131.<\/p>\n\n\n\n<p>Peki&nbsp;T\u00fcrkiye &#8211; \u0130talya haz\u0131rl\u0131k ma\u00e7\u0131 ne zaman, saat ka\u00e7ta, hangi kanalda? \u0130\u015fte A Milli Tak\u0131m kadrosu&#8230;<\/p>\n\n\n\n<h4 class=\"wp-block-heading\">T\u00dcRK\u0130YE &#8211; \u0130TALYA M\u0130LL\u0130 MA\u00c7I NE ZAMAN, SAAT KA\u00c7TA, HANG\u0130 KANALDA?<\/h4>\n\n\n\n<p>T\u00fcrkiye &#8211; \u0130talya haz\u0131rl\u0131k ma\u00e7\u0131, 29 Mart 2022 Sal\u0131 g\u00fcn\u00fc yani yar\u0131n saat 21.45&#8217;te ba\u015flayacak ve Konya B\u00fcy\u00fck\u015fehir Stadyumu&#8217;nda oynanacak.<\/p>\n\n\n\n<p>Arnavutluk Futbol Federasyonu&#8217;ndan Enea Jorgji y\u00f6netece\u011fi bu zorlu kar\u015f\u0131la\u015fma, TRT SPOR&#8217;dan naklen futbolseverlerle bulu\u015facak.<\/p>\n\n\n\n<p>Jorgji&#8217;nin yard\u0131mc\u0131l\u0131klar\u0131n\u0131 Dojando Myftar\u0131 ve Ilir Tartaraj yapacak. Kar\u015f\u0131la\u015fman\u0131n d\u00f6rd\u00fcnc\u00fc hakemi ise Juxhin Xhaja olacak.<\/p>\n\n\n\n<p>A Milli Futbol Tak\u0131m\u0131, tarihinde \u0130talya\u2019ya kar\u015f\u0131 14 ma\u00e7a \u00e7\u0131kt\u0131. 2\u2019si Avrupa \u015eampiyonas\u0131 olmak \u00fczere, D\u00fcnya Kupas\u0131 Grup Elemeleri&#8217;nde 2, Avrupa \u015eampiyonas\u0131 Grup Elemeleri&#8217;nde 2, Akdeniz Oyunlar\u0131\u2019nda da 3 ma\u00e7ta \u0130talya\u2019ya kar\u015f\u0131 sahaya \u00e7\u0131kan Ay-Y\u0131ld\u0131zl\u0131lar, 4 beraberlik, 10 yenilgi ald\u0131.<\/p>\n\n\n\n<p>Millilerin bug\u00fcne kadar G\u00f6k Mavililer&#8217;e kar\u015f\u0131 galibiyeti bulunmuyor.<\/p>\n\n\n\n<p><a href=\"https:\/\/icdn.ensonhaber.com\/resimler\/diger\/kok\/2022\/03\/28\/a-milli-futbol-takimi_1429.jpg\"><\/a><\/p>\n","protected":false},"excerpt":{"rendered":"<p>A Milli Futbol Tak\u0131m\u0131, 2022 D\u00fcnya Kupas\u0131 Elemeleri play-off yar\u0131 final ma\u00e7\u0131nda Portekiz ile kar\u015f\u0131&#8230;<\/p>\n","protected":false},"author":1,"featured_media":748,"comment_status":"open","ping_status":"open","sticky":false,"template":"","format":"standard","meta":{"footnotes":""},"categories":[6,5],"tags":[],"class_list":["post-740","post","type-post","status-publish","format-standard","has-post-thumbnail","hentry","category-antalya","category-spor"],"_links":{"self":[{"href":"https:\/\/akdenizhaberajansi.com\/index.php\/wp-json\/wp\/v2\/posts\/740","targetHints":{"allow":["GET"]}}],"collection":[{"href":"https:\/\/akdenizhaberajansi.com\/index.php\/wp-json\/wp\/v2\/posts"}],"about":[{"href":"https:\/\/akdenizhaberajansi.com\/index.php\/wp-json\/wp\/v2\/types\/post"}],"author":[{"embeddable":true,"href":"https:\/\/akdenizhaberajansi.com\/index.php\/wp-json\/wp\/v2\/users\/1"}],"replies":[{"embeddable":true,"href":"https:\/\/akdenizhaberajansi.com\/index.php\/wp-json\/wp\/v2\/comments?post=740"}],"version-history":[{"count":1,"href":"https:\/\/akdenizhaberajansi.com\/index.php\/wp-json\/wp\/v2\/posts\/740\/revisions"}],"predecessor-version":[{"id":749,"href":"https:\/\/akdenizhaberajansi.com\/index.php\/wp-json\/wp\/v2\/posts\/740\/revisions\/749"}],"wp:featuredmedia":[{"embeddable":true,"href":"https:\/\/akdenizhaberajansi.com\/index.php\/wp-json\/wp\/v2\/media\/748"}],"wp:attachment":[{"href":"https:\/\/akdenizhaberajansi.com\/index.php\/wp-json\/wp\/v2\/media?parent=740"}],"wp:term":[{"taxonomy":"category","embeddable":true,"href":"https:\/\/akdenizhaberajansi.com\/index.php\/wp-json\/wp\/v2\/categories?post=740"},{"taxonomy":"post_tag","embeddable":true,"href":"https:\/\/akdenizhaberajansi.com\/index.php\/wp-json\/wp\/v2\/tags?post=740"}],"curies":[{"name":"wp","href":"https:\/\/api.w.org\/{rel}","templated":true}]}}