{"id":737,"date":"2022-03-28T11:38:32","date_gmt":"2022-03-28T08:38:32","guid":{"rendered":"http:\/\/akdenizhaberajansi.com\/?p=737"},"modified":"2022-03-28T11:38:33","modified_gmt":"2022-03-28T08:38:33","slug":"uzmanindan-bahar-alerjisi-uyarisi-alerjik-cocuklarda-asi-ihmal-edilmemeli","status":"publish","type":"post","link":"https:\/\/akdenizhaberajansi.com\/index.php\/2022\/03\/28\/uzmanindan-bahar-alerjisi-uyarisi-alerjik-cocuklarda-asi-ihmal-edilmemeli\/","title":{"rendered":"Uzman\u0131ndan bahar alerjisi uyar\u0131s\u0131: Alerjik \u00e7ocuklarda a\u015f\u0131 ihmal edilmemeli"},"content":{"rendered":"\n<p>Bahar ay\u0131n\u0131n gelmesiyle \u00e7i\u00e7ek tozlar\u0131 dedi\u011fimiz polenlerin havada dola\u015f\u0131m\u0131n\u0131n artt\u0131\u011f\u0131n\u0131 belirten \u00c7ocuk \u0130mm\u00fcnolojisi ve Alerji Hastal\u0131klar\u0131 Uzman\u0131 Prof. Dr. Ay\u015fenur Kaya, polen alerjisi olan ki\u015filerde bu d\u00f6nemde geli\u015fen \u015fikayetlerin bahar alerjisi veya saman nezlesi olarak tan\u0131mland\u0131\u011f\u0131n\u0131 s\u00f6yledi.<\/p>\n\n\n\n<p>Polenlerin \u00e7o\u011funlukla ilkbahar ve sonbahar mevsimleri aras\u0131nda soludu\u011fumuz havada bulundu\u011funu ve r\u00fczgar ile kilometrelerce uzaklara ta\u015f\u0131nd\u0131\u011f\u0131n\u0131 dile getiren Prof. Dr. Ay\u015fenur Kaya, bahar alerjisi ile ilgili uyar\u0131larda bulundu.<\/p>\n\n\n\n<p>Prof. Dr. Ay\u015fenur Kaya, polenlerin v\u00fccudumuza solunan hava yoluyla al\u0131nmas\u0131 ile geli\u015fen polen alerjileri, alerjik rinokonjunktivit ve ast\u0131m bulgular\u0131 ile kar\u015f\u0131m\u0131za \u00e7\u0131kt\u0131\u011f\u0131n\u0131 ifade etti.<\/p>\n\n\n\n<h4 class=\"wp-block-heading\">N\u0130SAN, MAYIS, HAZ\u0130RAN AYLARINDA ORTAYA \u00c7IKAB\u0130L\u0130R<\/h4>\n\n\n\n<p>Bahar alerjisinin ne zaman oldu\u011funa da de\u011finen Prof. Dr. Ay\u015fenur Kaya, \u015fu ifadeleri kulland\u0131:<\/p>\n\n\n\n<p><em><strong>\u201cK\u00fcresel \u0131s\u0131nma ile t\u00fcm y\u0131l boyunca farkl\u0131 yo\u011funlukta polenler atmosferde tespit edilmektedir. \u00c7ay\u0131r, a\u011fa\u00e7 ve ot polenleri alerjiye yol a\u00e7arlar. Halk aras\u0131nda \u00e7i\u00e7ek tozlar\u0131 olarak bilinen polenler, \u00e7i\u00e7ekli bitkilerin \u00e7o\u011falmas\u0131na arac\u0131l\u0131k eden protein yap\u0131s\u0131nda maddelerdir. Polen taneleri g\u00f6zle g\u00f6r\u00fclemeyecek kadar k\u00fc\u00e7\u00fck olup bir polen tozunda binlerce polen tanesi bulunabilir. En s\u0131k \u00e7ay\u0131r poleni duyarl\u0131l\u0131\u011f\u0131 ve buna ba\u011fl\u0131 alerjik nezle g\u00f6r\u00fcl\u00fcr. Havada en yo\u011fun olduklar\u0131 d\u00f6nemler ya\u015fan\u0131lan b\u00f6lgenin bitki \u00f6rt\u00fcs\u00fcne ba\u011fl\u0131 olmakla birlikte nisan, may\u0131s, haziran aylar\u0131d\u0131r. Polen say\u0131lar\u0131 so\u011fuk ya\u011fmurlu g\u00fcnlerde d\u00fc\u015f\u00fck, s\u0131cak ve kuru havalarda ve \u00f6zellikle g\u00fcn\u00fcn erken saatlerinde y\u00fcksek d\u00fczeyde bulunmaktad\u0131rlar.\u201d<\/strong><\/em><\/p>\n\n\n\n<p><em><strong><a href=\"https:\/\/icdn.ensonhaber.com\/resimler\/diger\/kok\/2022\/03\/28\/alerji_4920.jpg\"><\/a><\/strong><\/em><\/p>\n\n\n\n<figure class=\"wp-block-image\"><a href=\"https:\/\/icdn.ensonhaber.com\/resimler\/diger\/kok\/2022\/03\/28\/alerji_4920.jpg\"><img decoding=\"async\" src=\"https:\/\/icdn.ensonhaber.com\/resimler\/diger\/kok\/2022\/03\/28\/alerji_4920.jpg\" alt=\"Uzman\u0131ndan bahar alerjisi uyar\u0131s\u0131: Alerjik \u00e7ocuklarda a\u015f\u0131 ihmal edilmemeli\t #1\"\/><\/a><\/figure>\n\n\n\n<p><em><strong><\/strong><\/em><em><strong><\/strong><\/em><\/p>\n\n\n\n<h4 class=\"wp-block-heading\">BAHAR ALERJ\u0130S\u0130NDE G\u00d6R\u00dcLEN BEL\u0130RT\u0130LER<\/h4>\n\n\n\n<p>Polenlerin v\u00fccuda solunan hava yoluyla al\u0131nmas\u0131 ile geli\u015fen polen alerjilerinin alerjik rinokonjunktivit ve ast\u0131m bulgular\u0131 ile ortaya \u00e7\u0131kt\u0131\u011f\u0131n\u0131 s\u00f6yleyen Prof. Dr. Ay\u015fenur Kaya, bahar alerjisinde g\u00f6r\u00fclen belirtilerle ilgili \u015fu bilgili payla\u015ft\u0131:<\/p>\n\n\n\n<p><em><strong>\u201cAlerjik rinitte s\u00fcrekli nezle hali vard\u0131r. Hap\u015f\u0131r\u0131k n\u00f6betleri, burun ak\u0131nt\u0131s\u0131-t\u0131kan\u0131kl\u0131\u011f\u0131, g\u00f6z, burun, kulak ve bo\u011fazda ka\u015f\u0131nt\u0131, g\u00f6zlerde sulanma, batma, yanma, \u015fi\u015fme k\u0131zar\u0131kl\u0131k gibi belirtiler ortaya \u00e7\u0131kar. Sin\u00fczit, nazal polip, otit ve ast\u0131m geli\u015fme riski artar. Alerjenler k\u00fc\u00e7\u00fck toz partik\u00fclleri halinde bron\u015flara ula\u015farak ast\u0131ma neden olur. Hastalar bu d\u00f6nemde \u00f6ks\u00fcr\u00fck, h\u0131r\u0131lt\u0131, h\u0131\u015f\u0131lt\u0131 nefes darl\u0131\u011f\u0131 ve g\u00f6\u011f\u00fcste t\u0131kan\u0131kl\u0131k yak\u0131nmalar\u0131 ile doktora ba\u015fvururlar.\u201d<\/strong><\/em><\/p>\n","protected":false},"excerpt":{"rendered":"<p>Bahar ay\u0131n\u0131n gelmesiyle \u00e7i\u00e7ek tozlar\u0131 dedi\u011fimiz polenlerin havada dola\u015f\u0131m\u0131n\u0131n artt\u0131\u011f\u0131n\u0131 belirten \u00c7ocuk \u0130mm\u00fcnolojisi ve Alerji&#8230;<\/p>\n","protected":false},"author":1,"featured_media":742,"comment_status":"open","ping_status":"open","sticky":false,"template":"","format":"standard","meta":{"footnotes":""},"categories":[6,4],"tags":[],"class_list":["post-737","post","type-post","status-publish","format-standard","has-post-thumbnail","hentry","category-antalya","category-saglik"],"_links":{"self":[{"href":"https:\/\/akdenizhaberajansi.com\/index.php\/wp-json\/wp\/v2\/posts\/737","targetHints":{"allow":["GET"]}}],"collection":[{"href":"https:\/\/akdenizhaberajansi.com\/index.php\/wp-json\/wp\/v2\/posts"}],"about":[{"href":"https:\/\/akdenizhaberajansi.com\/index.php\/wp-json\/wp\/v2\/types\/post"}],"author":[{"embeddable":true,"href":"https:\/\/akdenizhaberajansi.com\/index.php\/wp-json\/wp\/v2\/users\/1"}],"replies":[{"embeddable":true,"href":"https:\/\/akdenizhaberajansi.com\/index.php\/wp-json\/wp\/v2\/comments?post=737"}],"version-history":[{"count":1,"href":"https:\/\/akdenizhaberajansi.com\/index.php\/wp-json\/wp\/v2\/posts\/737\/revisions"}],"predecessor-version":[{"id":743,"href":"https:\/\/akdenizhaberajansi.com\/index.php\/wp-json\/wp\/v2\/posts\/737\/revisions\/743"}],"wp:featuredmedia":[{"embeddable":true,"href":"https:\/\/akdenizhaberajansi.com\/index.php\/wp-json\/wp\/v2\/media\/742"}],"wp:attachment":[{"href":"https:\/\/akdenizhaberajansi.com\/index.php\/wp-json\/wp\/v2\/media?parent=737"}],"wp:term":[{"taxonomy":"category","embeddable":true,"href":"https:\/\/akdenizhaberajansi.com\/index.php\/wp-json\/wp\/v2\/categories?post=737"},{"taxonomy":"post_tag","embeddable":true,"href":"https:\/\/akdenizhaberajansi.com\/index.php\/wp-json\/wp\/v2\/tags?post=737"}],"curies":[{"name":"wp","href":"https:\/\/api.w.org\/{rel}","templated":true}]}}