{"id":718,"date":"2022-03-24T19:27:51","date_gmt":"2022-03-24T16:27:51","guid":{"rendered":"http:\/\/akdenizhaberajansi.com\/?p=718"},"modified":"2022-03-24T19:27:51","modified_gmt":"2022-03-24T16:27:51","slug":"besiktasin-yeni-hocasi-bu-aksam-geliyor","status":"publish","type":"post","link":"https:\/\/akdenizhaberajansi.com\/index.php\/2022\/03\/24\/besiktasin-yeni-hocasi-bu-aksam-geliyor\/","title":{"rendered":"Be\u015fikta\u015f&#8217;\u0131n yeni hocas\u0131 bu ak\u015fam geliyor"},"content":{"rendered":"\n<p>Be\u015fikta\u015f, yeni teknik direkt\u00f6r\u00fcn\u00fc bekliyor. Siyah-beyazl\u0131 y\u00f6netimin \u00f6n anla\u015fmaya vard\u0131\u011f\u0131 Valerien Ismael, bu gece 23:30&#8217;da \u0130stanbul\u2019da olacak.<\/p>\n\n\n\n<p>Be\u015fikta\u015f milli ara d\u00f6n\u00fc\u015f\u00fcnde 3 Nisan Pazar g\u00fcn\u00fc lider Trabzonspor ile kar\u015f\u0131la\u015facak. Valerien Ismael de tak\u0131m\u0131n ba\u015f\u0131nda yerini alacak.<\/p>\n\n\n\n<p>Frans\u0131z \u00e7al\u0131\u015ft\u0131r\u0131c\u0131 y\u0131ll\u0131k 1.2 milyon euro kazanacak.<\/p>\n\n\n\n<p>46 ya\u015f\u0131ndaki teknik direkt\u00f6r, Hannover, Wolfsburg, N\u00fcrnberg, LASK Linz, FC Barnsley ve West Brom gibi tak\u0131mlarda g\u00f6rev alm\u0131\u015ft\u0131.<\/p>\n\n\n\n<h4 class=\"wp-block-heading\">VALERIEN ISMAEL K\u0130MD\u0130R?<\/h4>\n\n\n\n<p>Strasbourg&#8217;da ba\u015flad\u0131\u011f\u0131 profesyonel futbol kariyerinde 6 farkl\u0131 tak\u0131mda toplam 16 sezon forma giyen Valerien Ismael, stoper olarak g\u00f6rev yapt\u0131. Futbolculuk kariyerinin tavan noktas\u0131na 2005&#8217;te transfer oldu\u011fu Bayern M\u00fcnih&#8217;te eri\u015fen ve burada 3 Bundesliga zaferi kazanan Frans\u0131z isim, 2009 yaz\u0131nda Hannover&#8217;da futbolculuk kariyerine son verdi.<\/p>\n\n\n\n<p>Futbolu b\u0131rakt\u0131\u011f\u0131 Hannover&#8217;da teknik ekip ve y\u00f6neticilik pozisyonlar\u0131nda g\u00f6rev alan Ismael, 2011 y\u0131l\u0131nda Hannover&#8217;\u0131n 2. tak\u0131m\u0131nda teknik direkt\u00f6rl\u00fck yapmaya ba\u015flad\u0131. 46 ya\u015f\u0131ndaki isim Almanya&#8217;daki tecr\u00fcbelerinden sonra 2020&#8217;de Barnsley ile \u0130ngiltere futboluna ad\u0131m att\u0131. Son olarak Championship&#8217;te West Bromwich Albion&#8217;\u0131n ba\u015f\u0131na ge\u00e7en Ismael, burada al\u0131nan k\u00f6t\u00fc sonu\u00e7lardan sonra g\u00f6revinin 7. ay\u0131nda g\u00f6revinden ayr\u0131ld\u0131.<\/p>\n\n\n\n<p><a href=\"https:\/\/icdn.ensonhaber.com\/resimler\/diger\/kok\/2022\/03\/24\/valerien-ismael_5153.jpg\"><\/a><\/p>\n\n\n\n<figure class=\"wp-block-image\"><a href=\"https:\/\/icdn.ensonhaber.com\/resimler\/diger\/kok\/2022\/03\/24\/valerien-ismael_5153.jpg\"><img decoding=\"async\" src=\"https:\/\/icdn.ensonhaber.com\/resimler\/diger\/kok\/2022\/03\/24\/valerien-ismael_5153.jpg\" alt=\"Be\u015fikta\u015f \u0131n yeni hocas\u0131 bu ak\u015fam geliyor #1\"\/><\/a><\/figure>\n\n\n\n<h4 class=\"wp-block-heading\">TEKN\u0130K D\u0130REKT\u00d6RL\u00dcK KAR\u0130YER\u0130<\/h4>\n\n\n\n<p>Tak\u0131m, ba\u015flang\u0131\u00e7 tarihi, biti\u015f tarihi<\/p>\n\n\n\n<ul class=\"wp-block-list\"><li>West Bromwich&nbsp;&nbsp;&nbsp;&nbsp; 24.06.2021&nbsp;&nbsp;&nbsp;&nbsp; 02.02.2022<\/li><li>Barnsley&nbsp;&nbsp;&nbsp;&nbsp;&nbsp;&nbsp;&nbsp;&nbsp;&nbsp;&nbsp;&nbsp;&nbsp;&nbsp;&nbsp;&nbsp;&nbsp; 23.10.2020&nbsp;&nbsp;&nbsp;&nbsp; 24.06.2021<\/li><li>LASK&nbsp;&nbsp;&nbsp;&nbsp;&nbsp;&nbsp;&nbsp;&nbsp;&nbsp;&nbsp;&nbsp;&nbsp;&nbsp;&nbsp;&nbsp;&nbsp;&nbsp;&nbsp;&nbsp;&nbsp;&nbsp; 01.07.2019&nbsp;&nbsp;&nbsp;&nbsp; 11.07.2020<\/li><li>Apollon Smirnis&nbsp;&nbsp;&nbsp;&nbsp;&nbsp; 01.07.2018&nbsp;&nbsp;&nbsp;&nbsp; 31.08.2018<\/li><li>Wolfsburg&nbsp;&nbsp;&nbsp;&nbsp;&nbsp;&nbsp;&nbsp;&nbsp;&nbsp;&nbsp;&nbsp;&nbsp;&nbsp; 17.10.2016&nbsp;&nbsp;&nbsp;&nbsp; 26.02.2017<\/li><li>Wolfsburg II&nbsp;&nbsp;&nbsp;&nbsp;&nbsp;&nbsp;&nbsp;&nbsp;&nbsp;&nbsp;&nbsp;&nbsp; 1.07.2015&nbsp;&nbsp;&nbsp;&nbsp; 17.10.2016<\/li><li>N\u00fcrnberg&nbsp;&nbsp;&nbsp;&nbsp;&nbsp;&nbsp;&nbsp;&nbsp;&nbsp;&nbsp;&nbsp;&nbsp;&nbsp;&nbsp;&nbsp; 01.07.2014&nbsp;&nbsp;&nbsp;&nbsp; 11.11.2014<\/li><li>Wolfsburg II&nbsp;&nbsp;&nbsp;&nbsp;&nbsp;&nbsp;&nbsp;&nbsp;&nbsp;&nbsp;&nbsp; 01.07.2013&nbsp;&nbsp;&nbsp;&nbsp; 30.06.2014<\/li><li>Hannover 96 II&nbsp;&nbsp;&nbsp;&nbsp;&nbsp;&nbsp;&nbsp; 28.11.2011&nbsp;&nbsp;&nbsp;&nbsp; 30.06.2013<\/li><\/ul>\n","protected":false},"excerpt":{"rendered":"<p>Be\u015fikta\u015f, yeni teknik direkt\u00f6r\u00fcn\u00fc bekliyor. Siyah-beyazl\u0131 y\u00f6netimin \u00f6n anla\u015fmaya vard\u0131\u011f\u0131 Valerien Ismael, bu gece 23:30&#8217;da&#8230;<\/p>\n","protected":false},"author":1,"featured_media":719,"comment_status":"open","ping_status":"open","sticky":false,"template":"","format":"standard","meta":{"footnotes":""},"categories":[6,5],"tags":[],"class_list":["post-718","post","type-post","status-publish","format-standard","has-post-thumbnail","hentry","category-antalya","category-spor"],"_links":{"self":[{"href":"https:\/\/akdenizhaberajansi.com\/index.php\/wp-json\/wp\/v2\/posts\/718","targetHints":{"allow":["GET"]}}],"collection":[{"href":"https:\/\/akdenizhaberajansi.com\/index.php\/wp-json\/wp\/v2\/posts"}],"about":[{"href":"https:\/\/akdenizhaberajansi.com\/index.php\/wp-json\/wp\/v2\/types\/post"}],"author":[{"embeddable":true,"href":"https:\/\/akdenizhaberajansi.com\/index.php\/wp-json\/wp\/v2\/users\/1"}],"replies":[{"embeddable":true,"href":"https:\/\/akdenizhaberajansi.com\/index.php\/wp-json\/wp\/v2\/comments?post=718"}],"version-history":[{"count":1,"href":"https:\/\/akdenizhaberajansi.com\/index.php\/wp-json\/wp\/v2\/posts\/718\/revisions"}],"predecessor-version":[{"id":726,"href":"https:\/\/akdenizhaberajansi.com\/index.php\/wp-json\/wp\/v2\/posts\/718\/revisions\/726"}],"wp:featuredmedia":[{"embeddable":true,"href":"https:\/\/akdenizhaberajansi.com\/index.php\/wp-json\/wp\/v2\/media\/719"}],"wp:attachment":[{"href":"https:\/\/akdenizhaberajansi.com\/index.php\/wp-json\/wp\/v2\/media?parent=718"}],"wp:term":[{"taxonomy":"category","embeddable":true,"href":"https:\/\/akdenizhaberajansi.com\/index.php\/wp-json\/wp\/v2\/categories?post=718"},{"taxonomy":"post_tag","embeddable":true,"href":"https:\/\/akdenizhaberajansi.com\/index.php\/wp-json\/wp\/v2\/tags?post=718"}],"curies":[{"name":"wp","href":"https:\/\/api.w.org\/{rel}","templated":true}]}}