{"id":717,"date":"2022-03-24T19:27:49","date_gmt":"2022-03-24T16:27:49","guid":{"rendered":"http:\/\/akdenizhaberajansi.com\/?p=717"},"modified":"2022-03-24T19:27:50","modified_gmt":"2022-03-24T16:27:50","slug":"koronavirus-vaka-tablosu-24-mart-2022-bugunku-vaka-ve-olum-sayisi-kac-oldu","status":"publish","type":"post","link":"https:\/\/akdenizhaberajansi.com\/index.php\/2022\/03\/24\/koronavirus-vaka-tablosu-24-mart-2022-bugunku-vaka-ve-olum-sayisi-kac-oldu\/","title":{"rendered":"Koronavir\u00fcs vaka tablosu 24 Mart 2022: Bug\u00fcnk\u00fc vaka ve \u00f6l\u00fcm say\u0131s\u0131 ka\u00e7 oldu?"},"content":{"rendered":"\n<p>T\u00fcrkiye&#8217;de koronavir\u00fcs salg\u0131n\u0131yla m\u00fccadele, pandemi kurallar\u0131n\u0131n yan\u0131 s\u0131ra a\u015f\u0131lama \u00e7al\u0131\u015fmalar\u0131 ile devam ediyor.<\/p>\n\n\n\n<p>Sa\u011fl\u0131k Bakan\u0131 Fahrettin Koca, Twitter hesab\u0131 \u00fczerinden yapt\u0131\u011f\u0131 payla\u015f\u0131mlar ile a\u015f\u0131lar\u0131n\u0131 tamamlamayan vatanda\u015flara kar\u015f\u0131 s\u0131k s\u0131k a\u015f\u0131 uyar\u0131s\u0131nda bulunuyor.<\/p>\n\n\n\n<p>G\u00fcnl\u00fck olarak yay\u0131nlanan koronavir\u00fcs vaka ve \u00f6l\u00fcm say\u0131lar\u0131 ise vatanda\u015flar taraf\u0131ndan yak\u0131ndan takip edilen konular\u0131n ba\u015f\u0131nda yer al\u0131yor.<\/p>\n\n\n\n<p>T\u00fcrkiye&#8217;de koronavir\u00fcsle m\u00fccadelede yeni bir a\u015famaya ge\u00e7ildi. A\u00e7\u0131k havada maske zorunlulu\u011fu kald\u0131r\u0131ld\u0131.<\/p>\n\n\n\n<p>Baz\u0131 yerlere giri\u015fte istenen HES kodu zorunlulu\u011fu da kalkt\u0131. Peki, bug\u00fcnk\u00fc koronavir\u00fcs vaka say\u0131s\u0131 a\u00e7\u0131kland\u0131 m\u0131, ka\u00e7 oldu?<\/p>\n\n\n\n<p>\u0130\u015fte 24 Mart 2022 Per\u015fembe koronavir\u00fcs vaka ve \u00f6l\u00fcm say\u0131s\u0131&#8230;<\/p>\n\n\n\n<h4 class=\"wp-block-heading\">24 MART 2022 KORONAV\u0130R\u00dcS VAKA TABLOSU A\u00c7IKLANDI MI?<\/h4>\n\n\n\n<p>Sa\u011fl\u0131k Bakanl\u0131\u011f\u0131 koronavir\u00fcs salg\u0131n\u0131na ili\u015fkin g\u00fcncel verileri hen\u00fcz a\u00e7\u0131klamad\u0131. Veriler a\u00e7\u0131kland\u0131\u011f\u0131nda haberimizde yer verece\u011fiz.<\/p>\n","protected":false},"excerpt":{"rendered":"<p>T\u00fcrkiye&#8217;de koronavir\u00fcs salg\u0131n\u0131yla m\u00fccadele, pandemi kurallar\u0131n\u0131n yan\u0131 s\u0131ra a\u015f\u0131lama \u00e7al\u0131\u015fmalar\u0131 ile devam ediyor. Sa\u011fl\u0131k Bakan\u0131&#8230;<\/p>\n","protected":false},"author":1,"featured_media":720,"comment_status":"open","ping_status":"open","sticky":false,"template":"","format":"standard","meta":{"footnotes":""},"categories":[6,4],"tags":[],"class_list":["post-717","post","type-post","status-publish","format-standard","has-post-thumbnail","hentry","category-antalya","category-saglik"],"_links":{"self":[{"href":"https:\/\/akdenizhaberajansi.com\/index.php\/wp-json\/wp\/v2\/posts\/717","targetHints":{"allow":["GET"]}}],"collection":[{"href":"https:\/\/akdenizhaberajansi.com\/index.php\/wp-json\/wp\/v2\/posts"}],"about":[{"href":"https:\/\/akdenizhaberajansi.com\/index.php\/wp-json\/wp\/v2\/types\/post"}],"author":[{"embeddable":true,"href":"https:\/\/akdenizhaberajansi.com\/index.php\/wp-json\/wp\/v2\/users\/1"}],"replies":[{"embeddable":true,"href":"https:\/\/akdenizhaberajansi.com\/index.php\/wp-json\/wp\/v2\/comments?post=717"}],"version-history":[{"count":1,"href":"https:\/\/akdenizhaberajansi.com\/index.php\/wp-json\/wp\/v2\/posts\/717\/revisions"}],"predecessor-version":[{"id":725,"href":"https:\/\/akdenizhaberajansi.com\/index.php\/wp-json\/wp\/v2\/posts\/717\/revisions\/725"}],"wp:featuredmedia":[{"embeddable":true,"href":"https:\/\/akdenizhaberajansi.com\/index.php\/wp-json\/wp\/v2\/media\/720"}],"wp:attachment":[{"href":"https:\/\/akdenizhaberajansi.com\/index.php\/wp-json\/wp\/v2\/media?parent=717"}],"wp:term":[{"taxonomy":"category","embeddable":true,"href":"https:\/\/akdenizhaberajansi.com\/index.php\/wp-json\/wp\/v2\/categories?post=717"},{"taxonomy":"post_tag","embeddable":true,"href":"https:\/\/akdenizhaberajansi.com\/index.php\/wp-json\/wp\/v2\/tags?post=717"}],"curies":[{"name":"wp","href":"https:\/\/api.w.org\/{rel}","templated":true}]}}