{"id":699,"date":"2022-03-22T20:10:47","date_gmt":"2022-03-22T17:10:47","guid":{"rendered":"http:\/\/akdenizhaberajansi.com\/?p=699"},"modified":"2022-03-22T20:10:48","modified_gmt":"2022-03-22T17:10:48","slug":"besiktasin-yeni-teknik-direktoru-belli-oldu-mu","status":"publish","type":"post","link":"https:\/\/akdenizhaberajansi.com\/index.php\/2022\/03\/22\/besiktasin-yeni-teknik-direktoru-belli-oldu-mu\/","title":{"rendered":"Be\u015fikta\u015f&#8217;\u0131n yeni teknik direkt\u00f6r\u00fc belli oldu mu?"},"content":{"rendered":"\n<p>\u00d6nder Karaveli ile ilk ba\u015flarda her \u015fey iyi giderken, son zamanlarda ya\u015fanan kay\u0131plar gidi\u015fat\u0131 de\u011fi\u015ftirdi.<\/p>\n\n\n\n<p>Be\u015fikta\u015f yeni hoca aray\u0131\u015f\u0131na girmeye ba\u015flarken, \u00d6nder Karaveli&#8217;nin ise istifas\u0131n\u0131 y\u00f6netime sundu\u011fu iddia edildi.<\/p>\n\n\n\n<p>Bunun akabinde olaylar h\u0131zla geli\u015fti ve Be\u015fikta\u015f&#8217;\u0131nn art\u0131k yeni hocay\u0131 a\u00e7\u0131klamaya yak\u0131n oldu\u011funa y\u00f6nelik&nbsp;<a href=\"https:\/\/www.ensonhaber.com\/\">haberler<\/a>&nbsp;geldi.<\/p>\n\n\n\n<p>Ba\u015fta Be\u015fikta\u015f taraftarlar\u0131 olmak \u00fczere sporseverler, &#8220;Be\u015fikta\u015f&#8217;\u0131n yeni teknik direkt\u00f6r\u00fc belli oldu mu?&#8221; sorusunu g\u00fcndeme ta\u015f\u0131d\u0131.<\/p>\n\n\n\n<p>Peki,&nbsp;Be\u015fikta\u015f&#8217;\u0131n yeni teknik direkt\u00f6r\u00fc belli oldu mu? \u0130\u015fte detaylar&#8230;<\/p>\n\n\n\n<h4 class=\"wp-block-heading\">BE\u015e\u0130KTA\u015e&#8217;IN TEKN\u0130K D\u0130REKT\u00d6R\u00dc K\u0130M OLDU?<\/h4>\n\n\n\n<p>Be\u015fikta\u015f, teknik direkt\u00f6r Valerien Ismael ile 1+1 y\u0131ll\u0131k anla\u015fma sa\u011flad\u0131. 46 ya\u015f\u0131ndaki teknik direkt\u00f6r ile resmi evrak i\u015flerinin tamamlanmas\u0131n\u0131n ard\u0131ndan s\u00f6zle\u015fme imzalanacak.<\/p>\n\n\n\n<p>Valerien \u0130smael&#8217;in ligdeki Trabzonspor ma\u00e7\u0131nda tak\u0131m\u0131n ba\u015f\u0131nda yer almas\u0131 bekleniyor. Frans\u0131z teknik adam son olarak \u0130ngiltere Championship ekiplerinden West Bromwich Albion&#8217;u \u00e7al\u0131\u015ft\u0131rm\u0131\u015ft\u0131.<\/p>\n\n\n\n<p>Valerien Ismael kariyerinde daha \u00f6nce Wolfsburg, Lask ve Barnsley tak\u0131mlar\u0131nda da g\u00f6rev alm\u0131\u015ft\u0131.<\/p>\n\n\n\n<p><a href=\"https:\/\/icdn.ensonhaber.com\/resimler\/diger\/kok\/2022\/03\/22\/bjk_3332.jpg\"><\/a><\/p>\n\n\n\n<figure class=\"wp-block-image\"><a href=\"https:\/\/icdn.ensonhaber.com\/resimler\/diger\/kok\/2022\/03\/22\/bjk_3332.jpg\"><img decoding=\"async\" src=\"https:\/\/icdn.ensonhaber.com\/resimler\/diger\/kok\/2022\/03\/22\/bjk_3332.jpg\" alt=\"Be\u015fikta\u015f \u0131n yeni teknik direkt\u00f6r\u00fc belli oldu mu?  #1\"\/><\/a><\/figure>\n","protected":false},"excerpt":{"rendered":"<p>\u00d6nder Karaveli ile ilk ba\u015flarda her \u015fey iyi giderken, son zamanlarda ya\u015fanan kay\u0131plar gidi\u015fat\u0131 de\u011fi\u015ftirdi&#8230;.<\/p>\n","protected":false},"author":1,"featured_media":710,"comment_status":"open","ping_status":"open","sticky":false,"template":"","format":"standard","meta":{"footnotes":""},"categories":[6,5],"tags":[],"class_list":["post-699","post","type-post","status-publish","format-standard","has-post-thumbnail","hentry","category-antalya","category-spor"],"_links":{"self":[{"href":"https:\/\/akdenizhaberajansi.com\/index.php\/wp-json\/wp\/v2\/posts\/699","targetHints":{"allow":["GET"]}}],"collection":[{"href":"https:\/\/akdenizhaberajansi.com\/index.php\/wp-json\/wp\/v2\/posts"}],"about":[{"href":"https:\/\/akdenizhaberajansi.com\/index.php\/wp-json\/wp\/v2\/types\/post"}],"author":[{"embeddable":true,"href":"https:\/\/akdenizhaberajansi.com\/index.php\/wp-json\/wp\/v2\/users\/1"}],"replies":[{"embeddable":true,"href":"https:\/\/akdenizhaberajansi.com\/index.php\/wp-json\/wp\/v2\/comments?post=699"}],"version-history":[{"count":1,"href":"https:\/\/akdenizhaberajansi.com\/index.php\/wp-json\/wp\/v2\/posts\/699\/revisions"}],"predecessor-version":[{"id":711,"href":"https:\/\/akdenizhaberajansi.com\/index.php\/wp-json\/wp\/v2\/posts\/699\/revisions\/711"}],"wp:featuredmedia":[{"embeddable":true,"href":"https:\/\/akdenizhaberajansi.com\/index.php\/wp-json\/wp\/v2\/media\/710"}],"wp:attachment":[{"href":"https:\/\/akdenizhaberajansi.com\/index.php\/wp-json\/wp\/v2\/media?parent=699"}],"wp:term":[{"taxonomy":"category","embeddable":true,"href":"https:\/\/akdenizhaberajansi.com\/index.php\/wp-json\/wp\/v2\/categories?post=699"},{"taxonomy":"post_tag","embeddable":true,"href":"https:\/\/akdenizhaberajansi.com\/index.php\/wp-json\/wp\/v2\/tags?post=699"}],"curies":[{"name":"wp","href":"https:\/\/api.w.org\/{rel}","templated":true}]}}