{"id":681,"date":"2022-03-21T12:20:35","date_gmt":"2022-03-21T09:20:35","guid":{"rendered":"http:\/\/akdenizhaberajansi.com\/?p=681"},"modified":"2022-03-21T12:20:36","modified_gmt":"2022-03-21T09:20:36","slug":"james-webbden-yeni-selfie-geldi","status":"publish","type":"post","link":"https:\/\/akdenizhaberajansi.com\/index.php\/2022\/03\/21\/james-webbden-yeni-selfie-geldi\/","title":{"rendered":"James Webb&#8217;den yeni selfie geldi"},"content":{"rendered":"\n<p>NASA&#8217;n\u0131n, Avrupa Uzay Ajans\u0131 (ESA) ve Kanada Uzay Ajans\u0131 (CSA) ile ortakla\u015fa geli\u015ftirdi\u011fi James Webb teleskobu, 25 Aral\u0131k 2021 tarihinde ba\u015far\u0131yla f\u0131rlat\u0131lm\u0131\u015f ve y\u00f6r\u00fcngesine yerle\u015fmi\u015fti.<\/p>\n\n\n\n<p>Eskiyen Hubble Uzay Teleskobu&#8217;nun yerine ge\u00e7ecek&nbsp;<strong>James Webb Uzay Teleskobu<\/strong>, G\u00fcne\u015f sisteminin \u00f6tesinde ke\u015ffedilen yeni gezegenlerde ya\u015fam olup olmad\u0131\u011f\u0131n\u0131 ara\u015ft\u0131racak.<\/p>\n\n\n\n<h4 class=\"wp-block-heading\">YEN\u0130 B\u0130R SELF\u0130E G\u00d6NDERD\u0130<\/h4>\n\n\n\n<p>Dev aynalar\u0131n\u0131n ayarlanmas\u0131 ile birlikte D\u00fcnya&#8217;ya ilk deneme g\u00f6r\u00fcnt\u00fclerini g\u00f6nderen teleskop, ayn\u0131 zamanda \u00fczerindeki kameralarla kendi g\u00f6r\u00fcnt\u00fcs\u00fcn\u00fc de \u00e7ekebiliyor.<\/p>\n\n\n\n<p>Testler s\u0131ras\u0131nda teleskobunun aynalar\u0131n\u0131n durumunu g\u00f6r\u00fcnt\u00fclemek isteyen astronomlar, teleskobun \u00e7ekti\u011fi selfie g\u00f6r\u00fcnt\u00fclerinden faydalan\u0131yor.<\/p>\n\n\n\n<p>18 alt\u0131n kaplamal\u0131 alt\u0131gen par\u00e7adan olu\u015fan aynas\u0131n\u0131n ayar\u0131n\u0131n tam olup olmad\u0131\u011f\u0131n\u0131 g\u00f6rmek i\u00e7in al\u0131nan ve hemen a\u015fa\u011f\u0131da g\u00f6rebilece\u011finiz yeni selfie, her \u015feyin yolunda oldu\u011funu g\u00f6steriyor.<\/p>\n\n\n\n<p><a href=\"https:\/\/icdn.ensonhaber.com\/resimler\/diger\/kok\/2022\/03\/21\/selfie_3373.jpg\"><\/a><\/p>\n\n\n\n<figure class=\"wp-block-image\"><a href=\"https:\/\/icdn.ensonhaber.com\/resimler\/diger\/kok\/2022\/03\/21\/selfie_3373.jpg\"><img decoding=\"async\" src=\"https:\/\/icdn.ensonhaber.com\/resimler\/diger\/kok\/2022\/03\/21\/selfie_3373.jpg\" alt=\"selfie\"\/><\/a><\/figure>\n\n\n\n<p>Teleskobun, \u00f6n\u00fcm\u00fczdeki d\u00f6nemde&nbsp;D\u00fcnya\u2019ya g\u00f6ndermeye ba\u015flayaca\u011f\u0131 g\u00f6r\u00fcnt\u00fcler&nbsp;ilk ba\u015fta \u00e7ok net olmasa da bilim insanlar\u0131, \u00e7e\u015fitli ayarlamalar yaparak aynalar\u0131 do\u011fru konuma getirecek ve foto\u011fraflar\u0131n kalitesi artacak.<\/p>\n\n\n\n<p>James Webb Uzay Teleskobu\u2019nun, 13,5 milyar y\u0131l \u00f6nceki B\u00fcy\u00fck Patlama&#8217;dan sonra ilk olu\u015fan y\u0131ld\u0131zlar\u0131n \u0131\u015f\u0131\u011f\u0131n\u0131 yakalayarak evrenin tarihinin t\u00fcm a\u015famalar\u0131n\u0131 incelemesi ama\u00e7lan\u0131yor.<\/p>\n\n\n\n<p><a href=\"https:\/\/icdn.ensonhaber.com\/resimler\/diger\/kok\/2020\/05\/15\/nasa_3543.jpg\"><\/a><\/p>\n","protected":false},"excerpt":{"rendered":"<p>NASA&#8217;n\u0131n, Avrupa Uzay Ajans\u0131 (ESA) ve Kanada Uzay Ajans\u0131 (CSA) ile ortakla\u015fa geli\u015ftirdi\u011fi James Webb&#8230;<\/p>\n","protected":false},"author":1,"featured_media":689,"comment_status":"open","ping_status":"open","sticky":false,"template":"","format":"standard","meta":{"footnotes":""},"categories":[6,2],"tags":[],"class_list":["post-681","post","type-post","status-publish","format-standard","has-post-thumbnail","hentry","category-antalya","category-bilim"],"_links":{"self":[{"href":"https:\/\/akdenizhaberajansi.com\/index.php\/wp-json\/wp\/v2\/posts\/681","targetHints":{"allow":["GET"]}}],"collection":[{"href":"https:\/\/akdenizhaberajansi.com\/index.php\/wp-json\/wp\/v2\/posts"}],"about":[{"href":"https:\/\/akdenizhaberajansi.com\/index.php\/wp-json\/wp\/v2\/types\/post"}],"author":[{"embeddable":true,"href":"https:\/\/akdenizhaberajansi.com\/index.php\/wp-json\/wp\/v2\/users\/1"}],"replies":[{"embeddable":true,"href":"https:\/\/akdenizhaberajansi.com\/index.php\/wp-json\/wp\/v2\/comments?post=681"}],"version-history":[{"count":1,"href":"https:\/\/akdenizhaberajansi.com\/index.php\/wp-json\/wp\/v2\/posts\/681\/revisions"}],"predecessor-version":[{"id":690,"href":"https:\/\/akdenizhaberajansi.com\/index.php\/wp-json\/wp\/v2\/posts\/681\/revisions\/690"}],"wp:featuredmedia":[{"embeddable":true,"href":"https:\/\/akdenizhaberajansi.com\/index.php\/wp-json\/wp\/v2\/media\/689"}],"wp:attachment":[{"href":"https:\/\/akdenizhaberajansi.com\/index.php\/wp-json\/wp\/v2\/media?parent=681"}],"wp:term":[{"taxonomy":"category","embeddable":true,"href":"https:\/\/akdenizhaberajansi.com\/index.php\/wp-json\/wp\/v2\/categories?post=681"},{"taxonomy":"post_tag","embeddable":true,"href":"https:\/\/akdenizhaberajansi.com\/index.php\/wp-json\/wp\/v2\/tags?post=681"}],"curies":[{"name":"wp","href":"https:\/\/api.w.org\/{rel}","templated":true}]}}