{"id":679,"date":"2022-03-21T12:19:18","date_gmt":"2022-03-21T09:19:18","guid":{"rendered":"http:\/\/akdenizhaberajansi.com\/?p=679"},"modified":"2022-03-21T12:19:19","modified_gmt":"2022-03-21T09:19:19","slug":"ersin-destanoglu-emre-bilgin-cok-iyi-kaleci-olacak","status":"publish","type":"post","link":"https:\/\/akdenizhaberajansi.com\/index.php\/2022\/03\/21\/ersin-destanoglu-emre-bilgin-cok-iyi-kaleci-olacak\/","title":{"rendered":"Ersin Destano\u011flu: Emre Bilgin \u00e7ok iyi kaleci olacak"},"content":{"rendered":"\n<p>Be\u015fikta\u015f&#8217;\u0131n ba\u015far\u0131ll\u0131 file bek\u00e7isi Ersin Destano\u011flu, cezas\u0131 sebebiyle \u00f6nceki g\u00fcnk\u00fc Hatayspor kar\u015f\u0131la\u015fmas\u0131n\u0131 trib\u00fcnden takip etti. Ba\u015far\u0131l\u0131 kaleci Hatayspor ma\u00e7\u0131nda kaleyi koruyan Emre Bilgin&#8217;in performans\u0131n\u0131 de\u011ferlendirdi.<\/p>\n\n\n\n<h4 class=\"wp-block-heading\">&#8220;\u00c7OK \u0130Y\u0130 KALEC\u0130 OLACAK&#8221;<\/h4>\n\n\n\n<p><strong><\/strong>Ersin, Hatayspor ma\u00e7\u0131n\u0131n ard\u0131ndan a\u00e7\u0131klamalarda bulundu. Kendisinin cezal\u0131, ikinci kaleci Mert G\u00fcnok&#8217;un da sakatl\u0131ktan yeni d\u00f6n\u00fcp haz\u0131r olmamas\u0131 sebebiyle 18 ya\u015f\u0131ndaki Emre Bilgin&#8217;in Hatay kar\u015f\u0131s\u0131nda forma giymesini de\u011ferlendiren Ersin,&nbsp;<em><strong>&#8220;\u00d6ncelikle puan kayb\u0131 i\u00e7in \u00fczg\u00fcn\u00fcz. Emre benim karde\u015fim gibi. \u00c7ok iyi kaleci olacak in\u015fallah. \u015eans\u0131z bir gol yedi belki. Ama bunlar olacak. Futbolun i\u00e7inde olan \u015feyler&#8230;&#8221;<\/strong><\/em>&nbsp;ifadelerini kulland\u0131.<\/p>\n\n\n\n<p><a href=\"https:\/\/icdn.ensonhaber.com\/resimler\/diger\/kok\/2022\/03\/21\/e_1862.jpg\"><\/a><\/p>\n\n\n\n<figure class=\"wp-block-image\"><a href=\"https:\/\/icdn.ensonhaber.com\/resimler\/diger\/kok\/2022\/03\/21\/e_1862.jpg\"><img decoding=\"async\" src=\"https:\/\/icdn.ensonhaber.com\/resimler\/diger\/kok\/2022\/03\/21\/e_1862.jpg\" alt=\"Ersin Destano\u011flu: Emre Bilgin \u00e7ok iyi kaleci olacak #1\"\/><\/a><\/figure>\n\n\n\n<h4 class=\"wp-block-heading\">KUNTZ SORUSUNA YANIT VERMED\u0130<\/h4>\n\n\n\n<p><strong><\/strong>Ersin, A Milli Tak\u0131m Teknik Direkt\u00f6r\u00fc Stefan Kuntz&#8217;un kendisini son kadroya dahil etmemesi ve \u00dcmit Milli Tak\u0131m kafilesinde yer almas\u0131yla ilgili olarak sorulan soruya ise cevap vermekten ka\u00e7\u0131nd\u0131.<\/p>\n\n\n\n<p>Yetenekli file bek\u00e7isi, Milli ara sonras\u0131nda kaledeki g\u00f6revine geri d\u00f6necek. Destano\u011flu, Trabzonspor&#8217;la deplasmanda oynanacak 31. hafta m\u00fccadelesinde 11&#8217;deki yerini alacak <\/p>\n","protected":false},"excerpt":{"rendered":"<p>Be\u015fikta\u015f&#8217;\u0131n ba\u015far\u0131ll\u0131 file bek\u00e7isi Ersin Destano\u011flu, cezas\u0131 sebebiyle \u00f6nceki g\u00fcnk\u00fc Hatayspor kar\u015f\u0131la\u015fmas\u0131n\u0131 trib\u00fcnden takip etti&#8230;.<\/p>\n","protected":false},"author":1,"featured_media":685,"comment_status":"open","ping_status":"open","sticky":false,"template":"","format":"standard","meta":{"footnotes":""},"categories":[6,5],"tags":[],"class_list":["post-679","post","type-post","status-publish","format-standard","has-post-thumbnail","hentry","category-antalya","category-spor"],"_links":{"self":[{"href":"https:\/\/akdenizhaberajansi.com\/index.php\/wp-json\/wp\/v2\/posts\/679","targetHints":{"allow":["GET"]}}],"collection":[{"href":"https:\/\/akdenizhaberajansi.com\/index.php\/wp-json\/wp\/v2\/posts"}],"about":[{"href":"https:\/\/akdenizhaberajansi.com\/index.php\/wp-json\/wp\/v2\/types\/post"}],"author":[{"embeddable":true,"href":"https:\/\/akdenizhaberajansi.com\/index.php\/wp-json\/wp\/v2\/users\/1"}],"replies":[{"embeddable":true,"href":"https:\/\/akdenizhaberajansi.com\/index.php\/wp-json\/wp\/v2\/comments?post=679"}],"version-history":[{"count":1,"href":"https:\/\/akdenizhaberajansi.com\/index.php\/wp-json\/wp\/v2\/posts\/679\/revisions"}],"predecessor-version":[{"id":686,"href":"https:\/\/akdenizhaberajansi.com\/index.php\/wp-json\/wp\/v2\/posts\/679\/revisions\/686"}],"wp:featuredmedia":[{"embeddable":true,"href":"https:\/\/akdenizhaberajansi.com\/index.php\/wp-json\/wp\/v2\/media\/685"}],"wp:attachment":[{"href":"https:\/\/akdenizhaberajansi.com\/index.php\/wp-json\/wp\/v2\/media?parent=679"}],"wp:term":[{"taxonomy":"category","embeddable":true,"href":"https:\/\/akdenizhaberajansi.com\/index.php\/wp-json\/wp\/v2\/categories?post=679"},{"taxonomy":"post_tag","embeddable":true,"href":"https:\/\/akdenizhaberajansi.com\/index.php\/wp-json\/wp\/v2\/tags?post=679"}],"curies":[{"name":"wp","href":"https:\/\/api.w.org\/{rel}","templated":true}]}}