{"id":664,"date":"2022-03-19T11:43:55","date_gmt":"2022-03-19T08:43:55","guid":{"rendered":"http:\/\/akdenizhaberajansi.com\/?p=664"},"modified":"2022-03-19T11:43:55","modified_gmt":"2022-03-19T08:43:55","slug":"cinde-14-ay-sonra-koronavirusten-ilk-olum","status":"publish","type":"post","link":"https:\/\/akdenizhaberajansi.com\/index.php\/2022\/03\/19\/cinde-14-ay-sonra-koronavirusten-ilk-olum\/","title":{"rendered":"\u00c7in\u2019de 14 ay sonra koronavir\u00fcsten ilk \u00f6l\u00fcm"},"content":{"rendered":"\n<p>D\u00fcnyada 2 y\u0131ldan fazlad\u0131r etkisini s\u00fcrd\u00fcren koronavir\u00fcs, ilk olarak \u00c7in&#8217;de ortaya \u00e7\u0131km\u0131\u015ft\u0131.<\/p>\n\n\n\n<p>Vir\u00fcs, varyantlar\u0131 ile birlikte maddi ve manevi zarara u\u011fratmaya devam ederken, \u00c7in&#8217;den koronavir\u00fcse dair&nbsp;<a href=\"https:\/\/www.ensonhaber.com\/\">haberler<\/a>&nbsp;azalm\u0131\u015ft\u0131.<\/p>\n\n\n\n<p>\u00c7in Ulusal Sa\u011fl\u0131k Komisyonu\u2019ndan bug\u00fcn yap\u0131lan a\u00e7\u0131klamada, \u00fclke genelinde 2 bin 228 yeni korona vir\u00fcs vakas\u0131 tespit edildi\u011fi bildirildi.<\/p>\n\n\n\n<h4 class=\"wp-block-heading\">14 AYDIR \u00d6LEN OLMADI<\/h4>\n\n\n\n<p>Vakalar\u0131n bin 674\u2019\u00fcn\u00fcn salg\u0131ndaki son dalgan\u0131n merkezi olan Jilin eyaletinde tespit edildi\u011fi, ayn\u0131 eyaletteki 2 ki\u015finin ise Covid-19 nedeniyle hayat\u0131n\u0131 kaybetti\u011fi aktar\u0131ld\u0131.<\/p>\n\n\n\n<p>B\u00f6ylece \u00fclkede 2021 y\u0131l\u0131n\u0131n Ocak ay\u0131ndan bu yana koronavir\u00fcs kaynakl\u0131 ilk \u00f6l\u00fcmler kayda ge\u00e7ti.<\/p>\n\n\n\n<p><a href=\"https:\/\/icdn.ensonhaber.com\/resimler\/diger\/kok\/2022\/03\/19\/cin_5196.jpg\"><\/a><\/p>\n\n\n\n<figure class=\"wp-block-image\"><a href=\"https:\/\/icdn.ensonhaber.com\/resimler\/diger\/kok\/2022\/03\/19\/cin_5196.jpg\"><img decoding=\"async\" src=\"https:\/\/icdn.ensonhaber.com\/resimler\/diger\/kok\/2022\/03\/19\/cin_5196.jpg\" alt=\"\u00c7in\u2019de 14 ay sonra koronavir\u00fcsten ilk \u00f6l\u00fcm #1\"\/><\/a><\/figure>\n\n\n\n<h4 class=\"wp-block-heading\">TOPLAM \u00d6L\u00dcM SAYISI<\/h4>\n\n\n\n<p>\u00c7in anakaras\u0131nda hayat\u0131n\u0131 kaybedenlerin say\u0131s\u0131 4 bin 638\u2019e y\u00fckseldi. \u00d6l\u00fcmlerin \u00e7o\u011fu 2020 y\u0131l\u0131n\u0131n ba\u015f\u0131nda Wuhan kentinde kay\u0131tlara ge\u00e7mi\u015fti.<\/p>\n\n\n\n<h4 class=\"wp-block-heading\">A\u015eILAMA ORANI Y\u00dcZDE 87,8<\/h4>\n\n\n\n<p>\u00c7in\u2019de koronavir\u00fcs kar\u015f\u0131 a\u015f\u0131lama oran\u0131n\u0131n y\u00fczde 87,8\u2019e ula\u015ft\u0131\u011f\u0131 belirtilirken, 60 ya\u015f \u00fcst\u00fc 264 milyon ki\u015fiden 52 milyonunun ise a\u015f\u0131 yapt\u0131rmad\u0131\u011f\u0131 bilgisi payla\u015f\u0131ld\u0131.<\/p>\n","protected":false},"excerpt":{"rendered":"<p>D\u00fcnyada 2 y\u0131ldan fazlad\u0131r etkisini s\u00fcrd\u00fcren koronavir\u00fcs, ilk olarak \u00c7in&#8217;de ortaya \u00e7\u0131km\u0131\u015ft\u0131. Vir\u00fcs, varyantlar\u0131 ile&#8230;<\/p>\n","protected":false},"author":1,"featured_media":671,"comment_status":"open","ping_status":"open","sticky":false,"template":"","format":"standard","meta":{"footnotes":""},"categories":[6,4],"tags":[],"class_list":["post-664","post","type-post","status-publish","format-standard","has-post-thumbnail","hentry","category-antalya","category-saglik"],"_links":{"self":[{"href":"https:\/\/akdenizhaberajansi.com\/index.php\/wp-json\/wp\/v2\/posts\/664","targetHints":{"allow":["GET"]}}],"collection":[{"href":"https:\/\/akdenizhaberajansi.com\/index.php\/wp-json\/wp\/v2\/posts"}],"about":[{"href":"https:\/\/akdenizhaberajansi.com\/index.php\/wp-json\/wp\/v2\/types\/post"}],"author":[{"embeddable":true,"href":"https:\/\/akdenizhaberajansi.com\/index.php\/wp-json\/wp\/v2\/users\/1"}],"replies":[{"embeddable":true,"href":"https:\/\/akdenizhaberajansi.com\/index.php\/wp-json\/wp\/v2\/comments?post=664"}],"version-history":[{"count":1,"href":"https:\/\/akdenizhaberajansi.com\/index.php\/wp-json\/wp\/v2\/posts\/664\/revisions"}],"predecessor-version":[{"id":672,"href":"https:\/\/akdenizhaberajansi.com\/index.php\/wp-json\/wp\/v2\/posts\/664\/revisions\/672"}],"wp:featuredmedia":[{"embeddable":true,"href":"https:\/\/akdenizhaberajansi.com\/index.php\/wp-json\/wp\/v2\/media\/671"}],"wp:attachment":[{"href":"https:\/\/akdenizhaberajansi.com\/index.php\/wp-json\/wp\/v2\/media?parent=664"}],"wp:term":[{"taxonomy":"category","embeddable":true,"href":"https:\/\/akdenizhaberajansi.com\/index.php\/wp-json\/wp\/v2\/categories?post=664"},{"taxonomy":"post_tag","embeddable":true,"href":"https:\/\/akdenizhaberajansi.com\/index.php\/wp-json\/wp\/v2\/tags?post=664"}],"curies":[{"name":"wp","href":"https:\/\/api.w.org\/{rel}","templated":true}]}}