{"id":626,"date":"2022-03-17T21:06:16","date_gmt":"2022-03-17T18:06:16","guid":{"rendered":"http:\/\/trakyahabermerkezi.com\/?p=626"},"modified":"2022-03-17T21:06:16","modified_gmt":"2022-03-17T18:06:16","slug":"ukraynadan-edirneye","status":"publish","type":"post","link":"https:\/\/akdenizhaberajansi.com\/index.php\/2022\/03\/17\/ukraynadan-edirneye\/","title":{"rendered":"Ukrayna\u2019dan Edirne&#8217;ye"},"content":{"rendered":"\n<p>Rusya ve Ukrayna aras\u0131ndaki sava\u015f devam ederken, b\u00f6lgedeki sivillerin tahliye edilmesine y\u00f6nelik \u00e7al\u0131\u015fmalar aral\u0131ks\u0131z s\u00fcr\u00fcyor\u2026<\/p>\n\n\n\n<p>T\u00fcrk D\u0131\u015fi\u015fleri Bakanl\u0131\u011f\u0131\u2019n\u0131n organizasyonuyla, kara yoluyla \u00fclkeden \u00e7\u0131kar\u0131lan Azerbaycanl\u0131lar Edirne&#8217;deki s\u0131n\u0131r kap\u0131lar\u0131 \u00fczerinden yurda giri\u015f yapt\u0131.<\/p>\n\n\n\n<p>Kap\u0131kule S\u0131n\u0131r Kap\u0131s\u0131&#8217;ndan giri\u015f yapan Ya\u015far Azizov, T\u00fcrkiye&#8217;ye kendilerine verdi\u011fi destekten dolay\u0131 minnettar olduklar\u0131n\u0131, Ukrayna&#8217;dan \u00e7\u0131k\u0131\u015flar\u0131ndan geli\u015fe kadar ge\u00e7en s\u00fcre\u00e7te gerekli t\u00fcm imkanlar\u0131n seferber edildi\u011fini s\u00f6yleyerek \u015fu ifadeleri kulland\u0131:<\/p>\n\n\n\n<p><em><strong>\u201cT\u00fcrkiye&#8217;nin sa\u011flad\u0131\u011f\u0131 ara\u00e7la geldik. T\u00fcrkiye&#8217;den Allah raz\u0131 olsun. T\u00fcrk karde\u015flerimizle birlikte otob\u00fcsle yurda geldik.\u201d<\/strong><\/em><\/p>\n\n\n\n<p>Azizov, sava\u015f\u0131n ba\u015flamas\u0131yla ya\u015fad\u0131\u011f\u0131 b\u00f6lgede patlamalar\u0131n meydana geldi\u011fini ve zor g\u00fcnler ge\u00e7irdiklerini dile getirdi.<\/p>\n\n\n\n<h4 class=\"wp-block-heading\">\u201cT\u00dcRK\u0130YE SA\u011e OLSUN B\u0130Z\u0130 KURTARDI\u201d<\/h4>\n\n\n\n<p>Harkiv&#8217;den k\u0131z\u0131 ve o\u011fluyla gelen Agila Hanaliyeva ise sava\u015f\u0131n ilk g\u00fcn\u00fcnden itibaren bombalarla y\u00fcz y\u00fcze kald\u0131klar\u0131n\u0131, patlamalardan korunmak i\u00e7in 6 g\u00fcn s\u0131\u011f\u0131nakta kald\u0131\u011f\u0131n\u0131 anlatan Hanaliyeva, T\u00fcrkiye sayesinde \u00fclkeden \u00e7\u0131kmay\u0131 ba\u015fard\u0131klar\u0131n\u0131, T\u00fcrkiye ve Azerbaycan&#8217;\u0131n<em>&nbsp;<strong>&#8216;tek millet iki devlet&#8217;&nbsp;<\/strong><\/em>oldu\u011funu ve zor zamanda T\u00fcrkiye&#8217;nin deste\u011fini g\u00f6rd\u00fcklerini s\u00f6yledi.<\/p>\n\n\n\n<p><a href=\"https:\/\/icdn.ensonhaber.com\/resimler\/diger\/kok\/2022\/03\/16\/ukrayna_3902.jpg\"><\/a><\/p>\n\n\n\n<figure class=\"wp-block-image\"><a href=\"https:\/\/icdn.ensonhaber.com\/resimler\/diger\/kok\/2022\/03\/16\/ukrayna_3902.jpg\"><img decoding=\"async\" src=\"https:\/\/icdn.ensonhaber.com\/resimler\/diger\/kok\/2022\/03\/16\/ukrayna_3902.jpg\" alt=\"Ukrayna\u2019dan tahliye edilen Azerbaycanl\u0131lar: T\u00fcrkiye sa\u011f olsun #1\"\/><\/a><\/figure>\n\n\n\n<p>Hanaliyeva,<em><strong>&nbsp;&#8220;T\u00fcrkiye sa\u011f olsun bizi kurtard\u0131. \u00c7ocuklar\u0131mla s\u0131\u011f\u0131nakta \u00e7ok zor g\u00fcnler ge\u00e7irdik. Roketler, bombalar at\u0131l\u0131yordu. T\u00fcrkiye&#8217;ye geldi\u011fimiz i\u00e7in \u00e7ok mutluyuz. T\u00fcrkiye bize kucak a\u00e7t\u0131. Sava\u015f alan\u0131ndan bizi buraya getirdi.&#8221;<\/strong><\/em>&nbsp;diye konu\u015ftu.<\/p>\n","protected":false},"excerpt":{"rendered":"<p>Rusya ve Ukrayna aras\u0131ndaki sava\u015f devam ederken, b\u00f6lgedeki sivillerin tahliye edilmesine y\u00f6nelik \u00e7al\u0131\u015fmalar aral\u0131ks\u0131z s\u00fcr\u00fcyor\u2026&#8230;<\/p>\n","protected":false},"author":2,"featured_media":635,"comment_status":"open","ping_status":"open","sticky":false,"template":"","format":"standard","meta":{"footnotes":""},"categories":[6],"tags":[],"class_list":["post-626","post","type-post","status-publish","format-standard","has-post-thumbnail","hentry","category-antalya"],"_links":{"self":[{"href":"https:\/\/akdenizhaberajansi.com\/index.php\/wp-json\/wp\/v2\/posts\/626","targetHints":{"allow":["GET"]}}],"collection":[{"href":"https:\/\/akdenizhaberajansi.com\/index.php\/wp-json\/wp\/v2\/posts"}],"about":[{"href":"https:\/\/akdenizhaberajansi.com\/index.php\/wp-json\/wp\/v2\/types\/post"}],"author":[{"embeddable":true,"href":"https:\/\/akdenizhaberajansi.com\/index.php\/wp-json\/wp\/v2\/users\/2"}],"replies":[{"embeddable":true,"href":"https:\/\/akdenizhaberajansi.com\/index.php\/wp-json\/wp\/v2\/comments?post=626"}],"version-history":[{"count":0,"href":"https:\/\/akdenizhaberajansi.com\/index.php\/wp-json\/wp\/v2\/posts\/626\/revisions"}],"wp:featuredmedia":[{"embeddable":true,"href":"https:\/\/akdenizhaberajansi.com\/index.php\/wp-json\/wp\/v2\/media\/635"}],"wp:attachment":[{"href":"https:\/\/akdenizhaberajansi.com\/index.php\/wp-json\/wp\/v2\/media?parent=626"}],"wp:term":[{"taxonomy":"category","embeddable":true,"href":"https:\/\/akdenizhaberajansi.com\/index.php\/wp-json\/wp\/v2\/categories?post=626"},{"taxonomy":"post_tag","embeddable":true,"href":"https:\/\/akdenizhaberajansi.com\/index.php\/wp-json\/wp\/v2\/tags?post=626"}],"curies":[{"name":"wp","href":"https:\/\/api.w.org\/{rel}","templated":true}]}}