{"id":609,"date":"2022-03-15T23:56:22","date_gmt":"2022-03-15T20:56:22","guid":{"rendered":"http:\/\/trakyahabermerkezi.com\/?p=609"},"modified":"2022-03-15T23:56:22","modified_gmt":"2022-03-15T20:56:22","slug":"3600-ek-gosterge-komisyonunun-ikinci-toplantisi-yarin","status":"publish","type":"post","link":"https:\/\/akdenizhaberajansi.com\/index.php\/2022\/03\/15\/3600-ek-gosterge-komisyonunun-ikinci-toplantisi-yarin\/","title":{"rendered":"3600 Ek G\u00f6sterge Komisyonu&#8217;nun ikinci toplant\u0131s\u0131 yar\u0131n"},"content":{"rendered":"\n<p>3600 ek g\u00f6sterge konusu netle\u015fince memurlar\u0131n maa\u015flar\u0131, emekli ayl\u0131klar\u0131 ve emekli olduklar\u0131nda ald\u0131klar\u0131 tazminat oranlar\u0131nda kayda de\u011fer art\u0131\u015flar yap\u0131lacak.<\/p>\n\n\n\n<h4 class=\"wp-block-heading\">3600 EK G\u00d6STERGEN\u0130N \u0130K\u0130 TARAFI: H\u00dcK\u00dcMET VE MEMUR-SEN<\/h4>\n\n\n\n<p>H\u00fck\u00fcmet ve Memur-Sen&#8217;in taraf oldu\u011fu 3600 Ek G\u00f6sterge Komisyonu ikinci toplant\u0131s\u0131 yar\u0131n yap\u0131lacak. Y\u00fcz binlerce kamu \u00e7al\u0131\u015fan\u0131n\u0131n merakla yasala\u015fmas\u0131n\u0131 bekledi\u011fi 3600 ek g\u00f6sterge d\u00fczenlemesinde s\u00fcre\u00e7 devam ediyor.<\/p>\n\n\n\n<h4 class=\"wp-block-heading\">\u0130LK TOPLANTI BAKANLIKTA YAPILMI\u015eTI<\/h4>\n\n\n\n<p>\u0130lk toplant\u0131s\u0131n\u0131 16 \u015eubat&#8217;ta \u00c7al\u0131\u015fma ve Sosyal G\u00fcvenlik Bakanl\u0131\u011f\u0131&#8217;n\u0131n ev sahipli\u011finde yapan 3600 Ek G\u00f6sterge Komisyonu, yar\u0131n ikinci kez toplanacak.<\/p>\n\n\n\n<p><a href=\"https:\/\/icdn.ensonhaber.com\/resimler\/diger\/kok\/2022\/03\/15\/ek-gosterge_8845.jpeg\"><\/a><\/p>\n\n\n\n<figure class=\"wp-block-image\"><a href=\"https:\/\/icdn.ensonhaber.com\/resimler\/diger\/kok\/2022\/03\/15\/ek-gosterge_8845.jpeg\"><img decoding=\"async\" src=\"https:\/\/icdn.ensonhaber.com\/resimler\/diger\/kok\/2022\/03\/15\/ek-gosterge_8845.jpeg\" alt=\"3600 Ek G\u00f6sterge Komisyonu nun ikinci toplant\u0131s\u0131 yar\u0131n #1\"\/><\/a><\/figure>\n\n\n\n<h4 class=\"wp-block-heading\">TOPLANTIYA VEDAT B\u0130LG\u0130N BA\u015eKANLIK ETM\u0130\u015eT\u0130<\/h4>\n\n\n\n<p>\u00c7al\u0131\u015fma ve Sosyal G\u00fcvenlik Bakan\u0131 Vedat Bilgin&#8217;in ba\u015fkanl\u0131\u011f\u0131nda ve Bakanl\u0131\u011f\u0131n ev sahipli\u011findeki ikinci toplant\u0131ya, Memur-Sen y\u00f6netiminin yan\u0131 s\u0131ra Hazine ve Maliye Bakanl\u0131\u011f\u0131, Cumhurba\u015fkanl\u0131\u011f\u0131 Strateji ve B\u00fct\u00e7e Ba\u015fkanl\u0131\u011f\u0131 ile \u0130dari \u0130\u015fler Ba\u015fkanl\u0131\u011f\u0131 Personel ve Prensipler Genel M\u00fcd\u00fcrl\u00fc\u011f\u00fc yetkilileri kat\u0131lacak.<\/p>\n\n\n\n<h4 class=\"wp-block-heading\">3600 EK G\u00d6STERGEN\u0130N VER\u0130LECE\u011e\u0130 KADRO VE UNVANLARA DA\u0130R M\u00dcZAKERE YAPILACAK<\/h4>\n\n\n\n<p>Toplant\u0131da, H\u00fck\u00fcmet ve Memur-Sen yetkilileri, 3600 ek g\u00f6stergenin verilece\u011fi kadro ve unvanlara dair m\u00fczakerelerini s\u00fcrd\u00fcrecek.<\/p>\n","protected":false},"excerpt":{"rendered":"<p>3600 ek g\u00f6sterge konusu netle\u015fince memurlar\u0131n maa\u015flar\u0131, emekli ayl\u0131klar\u0131 ve emekli olduklar\u0131nda ald\u0131klar\u0131 tazminat oranlar\u0131nda&#8230;<\/p>\n","protected":false},"author":2,"featured_media":616,"comment_status":"open","ping_status":"open","sticky":false,"template":"","format":"standard","meta":{"footnotes":""},"categories":[6,3],"tags":[],"class_list":["post-609","post","type-post","status-publish","format-standard","has-post-thumbnail","hentry","category-antalya","category-ekonomi"],"_links":{"self":[{"href":"https:\/\/akdenizhaberajansi.com\/index.php\/wp-json\/wp\/v2\/posts\/609","targetHints":{"allow":["GET"]}}],"collection":[{"href":"https:\/\/akdenizhaberajansi.com\/index.php\/wp-json\/wp\/v2\/posts"}],"about":[{"href":"https:\/\/akdenizhaberajansi.com\/index.php\/wp-json\/wp\/v2\/types\/post"}],"author":[{"embeddable":true,"href":"https:\/\/akdenizhaberajansi.com\/index.php\/wp-json\/wp\/v2\/users\/2"}],"replies":[{"embeddable":true,"href":"https:\/\/akdenizhaberajansi.com\/index.php\/wp-json\/wp\/v2\/comments?post=609"}],"version-history":[{"count":0,"href":"https:\/\/akdenizhaberajansi.com\/index.php\/wp-json\/wp\/v2\/posts\/609\/revisions"}],"wp:featuredmedia":[{"embeddable":true,"href":"https:\/\/akdenizhaberajansi.com\/index.php\/wp-json\/wp\/v2\/media\/616"}],"wp:attachment":[{"href":"https:\/\/akdenizhaberajansi.com\/index.php\/wp-json\/wp\/v2\/media?parent=609"}],"wp:term":[{"taxonomy":"category","embeddable":true,"href":"https:\/\/akdenizhaberajansi.com\/index.php\/wp-json\/wp\/v2\/categories?post=609"},{"taxonomy":"post_tag","embeddable":true,"href":"https:\/\/akdenizhaberajansi.com\/index.php\/wp-json\/wp\/v2\/tags?post=609"}],"curies":[{"name":"wp","href":"https:\/\/api.w.org\/{rel}","templated":true}]}}