{"id":594,"date":"2022-03-14T15:46:48","date_gmt":"2022-03-14T12:46:48","guid":{"rendered":"http:\/\/trakyahabermerkezi.com\/?p=594"},"modified":"2022-03-14T15:46:48","modified_gmt":"2022-03-14T12:46:48","slug":"ukraynadaki-kanser-hastasi-cocuklar-trenle-polonyaya-sevk-edildi","status":"publish","type":"post","link":"https:\/\/akdenizhaberajansi.com\/index.php\/2022\/03\/14\/ukraynadaki-kanser-hastasi-cocuklar-trenle-polonyaya-sevk-edildi\/","title":{"rendered":"Ukrayna\u2019daki kanser hastas\u0131 \u00e7ocuklar, trenle Polonya&#8217;ya sevk edildi"},"content":{"rendered":"\n<p>Rusya\u2019n\u0131n Ukrayna\u2019ya ba\u015flatt\u0131\u011f\u0131 askeri operasyon devam ederken sava\u015f, tedavileri s\u00fcren kanser hastas\u0131 \u00e7ocuklar\u0131 da etkiledi.<\/p>\n\n\n\n<p>Sava\u015f ko\u015fullar\u0131 dolay\u0131s\u0131yla gerekli tedaviyi alamayan 58 \u00e7ocuk, i\u00e7inde ameliyathaneye d\u00f6n\u00fc\u015ft\u00fcr\u00fclm\u00fc\u015f b\u00f6l\u00fcmlerin de bulundu\u011fu \u00f6zel trenle Ukrayna\u2019n\u0131n Lviv kentinden Polonya&#8217;n\u0131n Kielce kentine sevk edildi.<\/p>\n\n\n\n<h4 class=\"wp-block-heading\">SA\u011eLIK G\u00d6REVL\u0130LER\u0130 GARDA KAR\u015eILADI<\/h4>\n\n\n\n<p>\u00c7ocuklara yolculuklar\u0131 boyunca ailelerinin yan\u0131 s\u0131ra doktorlar ve hem\u015fireler de e\u015flik etti. Ameliyathaneli treni Kielce Tren Gar\u0131&#8217;nda, 100 kadar sa\u011fl\u0131k g\u00f6revlisi kar\u015f\u0131lad\u0131.<\/p>\n\n\n\n<p><a href=\"https:\/\/icdn.ensonhaber.com\/resimler\/diger\/kok\/2022\/03\/14\/ukrayna_8385.jpg\"><\/a><\/p>\n\n\n\n<figure class=\"wp-block-image\"><a href=\"https:\/\/icdn.ensonhaber.com\/resimler\/diger\/kok\/2022\/03\/14\/ukrayna_8385.jpg\"><img decoding=\"async\" src=\"https:\/\/icdn.ensonhaber.com\/resimler\/diger\/kok\/2022\/03\/14\/ukrayna_8385.jpg\" alt=\"Ukrayna\u2019daki kanser hastas\u0131 \u00e7ocuklar, trenle Polonya ya sevk edildi #1\"\/><\/a><\/figure>\n\n\n\n<h4 class=\"wp-block-heading\">ZELENSKY\u2019N\u0130N E\u015e\u0130, TE\u015eEKK\u00dcR MESAJI YAYINLADI<\/h4>\n\n\n\n<p>Ukrayna Devlet Ba\u015fkan\u0131 Vladimir Zelensky&#8217;nin e\u015fi Olena Zelenska, sosyal medya arac\u0131l\u0131\u011f\u0131yla Polonya Cumhurba\u015fkan\u0131 Andrzej Duda ve e\u015fi Agata Duda ile Profes\u00f6r Doktor Piotr Czaudern&#8217;e Ukraynal\u0131 kanser hastas\u0131 \u00e7ocuklara yard\u0131mlar\u0131ndan \u00f6t\u00fcr\u00fc te\u015fekk\u00fcr etti.<\/p>\n\n\n\n<p><a href=\"https:\/\/icdn.ensonhaber.com\/resimler\/diger\/kok\/2022\/03\/14\/ukrayna_6592.jpg\"><\/a><\/p>\n\n\n\n<figure class=\"wp-block-image\"><a href=\"https:\/\/icdn.ensonhaber.com\/resimler\/diger\/kok\/2022\/03\/14\/ukrayna_6592.jpg\"><img decoding=\"async\" src=\"https:\/\/icdn.ensonhaber.com\/resimler\/diger\/kok\/2022\/03\/14\/ukrayna_6592.jpg\" alt=\"Ukrayna\u2019daki kanser hastas\u0131 \u00e7ocuklar, trenle Polonya ya sevk edildi #2\"\/><\/a><\/figure>\n\n\n\n<h4 class=\"wp-block-heading\">2 \u00c7OCU\u011eUN DURUMU A\u011eIR<\/h4>\n\n\n\n<p>Swietokrzyski Voyvodal\u0131\u011f\u0131 Bas\u0131n S\u00f6zc\u00fcs\u00fc Marzena Chodakowska yapt\u0131\u011f\u0131 a\u00e7\u0131klamada, 58 \u00e7ocuktan durumu a\u011f\u0131r olan 2\u2019sinin Kielce ve Jedrzejow&#8217;daki hastanelere, birka\u00e7\u0131n\u0131n ise ambulanslarla Almanya&#8217;ya g\u00f6nderildi\u011fini bildirdi.<\/p>\n","protected":false},"excerpt":{"rendered":"<p>Rusya\u2019n\u0131n Ukrayna\u2019ya ba\u015flatt\u0131\u011f\u0131 askeri operasyon devam ederken sava\u015f, tedavileri s\u00fcren kanser hastas\u0131 \u00e7ocuklar\u0131 da etkiledi&#8230;.<\/p>\n","protected":false},"author":2,"featured_media":602,"comment_status":"open","ping_status":"open","sticky":false,"template":"","format":"standard","meta":{"footnotes":""},"categories":[6,4],"tags":[],"class_list":["post-594","post","type-post","status-publish","format-standard","has-post-thumbnail","hentry","category-antalya","category-saglik"],"_links":{"self":[{"href":"https:\/\/akdenizhaberajansi.com\/index.php\/wp-json\/wp\/v2\/posts\/594","targetHints":{"allow":["GET"]}}],"collection":[{"href":"https:\/\/akdenizhaberajansi.com\/index.php\/wp-json\/wp\/v2\/posts"}],"about":[{"href":"https:\/\/akdenizhaberajansi.com\/index.php\/wp-json\/wp\/v2\/types\/post"}],"author":[{"embeddable":true,"href":"https:\/\/akdenizhaberajansi.com\/index.php\/wp-json\/wp\/v2\/users\/2"}],"replies":[{"embeddable":true,"href":"https:\/\/akdenizhaberajansi.com\/index.php\/wp-json\/wp\/v2\/comments?post=594"}],"version-history":[{"count":0,"href":"https:\/\/akdenizhaberajansi.com\/index.php\/wp-json\/wp\/v2\/posts\/594\/revisions"}],"wp:featuredmedia":[{"embeddable":true,"href":"https:\/\/akdenizhaberajansi.com\/index.php\/wp-json\/wp\/v2\/media\/602"}],"wp:attachment":[{"href":"https:\/\/akdenizhaberajansi.com\/index.php\/wp-json\/wp\/v2\/media?parent=594"}],"wp:term":[{"taxonomy":"category","embeddable":true,"href":"https:\/\/akdenizhaberajansi.com\/index.php\/wp-json\/wp\/v2\/categories?post=594"},{"taxonomy":"post_tag","embeddable":true,"href":"https:\/\/akdenizhaberajansi.com\/index.php\/wp-json\/wp\/v2\/tags?post=594"}],"curies":[{"name":"wp","href":"https:\/\/api.w.org\/{rel}","templated":true}]}}