{"id":580,"date":"2022-03-11T11:14:49","date_gmt":"2022-03-11T08:14:49","guid":{"rendered":"http:\/\/trakyahabermerkezi.com\/?p=580"},"modified":"2022-03-11T11:14:49","modified_gmt":"2022-03-11T08:14:49","slug":"trakyadan-istanbula-girislere-kontrollu-olarak-izin-veriliyor","status":"publish","type":"post","link":"https:\/\/akdenizhaberajansi.com\/index.php\/2022\/03\/11\/trakyadan-istanbula-girislere-kontrollu-olarak-izin-veriliyor\/","title":{"rendered":"Trakya&#8217;dan \u0130stanbul&#8217;a giri\u015flere kontroll\u00fc olarak izin veriliyor"},"content":{"rendered":"\n<p>Sibirya b\u00f6lgesinden geldi\u011fi belirtilen so\u011fuk hava dalgas\u0131 Aybar&#8217;\u0131n Marmara b\u00f6lgesinde b\u00fcy\u00fck bir kar ya\u011f\u0131\u015f\u0131na neden olaca\u011f\u0131 belirtilmi\u015fti.<\/p>\n\n\n\n<p>Bu haberlerin ard\u0131ndan ba\u015fta Meteoroloji olmak \u00fczere kurumlar, konuyla ilgili a\u00e7\u0131klamada bulunarak vatanda\u015flar\u0131 kuvvetli kar ya\u011f\u0131\u015f\u0131na kar\u015f\u0131 uyard\u0131.<\/p>\n\n\n\n<p>\u0130stanbul Valili\u011fi de per\u015fembe ve cuma g\u00fcn\u00fc okullar\u0131n tatil edildi\u011fini duyurdu.<\/p>\n\n\n\n<h4 class=\"wp-block-heading\">TIR GE\u00c7\u0130\u015eLER\u0130 YASAKLANMI\u015eTI<\/h4>\n\n\n\n<p>Valilik ayn\u0131 zamanda 10 Mart Per\u015fembe g\u00fcn\u00fc sabah 04.00 saatinden itibaren t\u0131rlar\u0131n kente giri\u015f yapamayaca\u011f\u0131n\u0131 a\u00e7\u0131klam\u0131\u015ft\u0131.<\/p>\n\n\n\n<p>\u0130stanbul Valisi Ali Yerlikaya, t\u0131r ge\u00e7i\u015flerinin kontroll\u00fc olarak art\u0131k kente giri\u015f yapabilece\u011fini aktard\u0131.<\/p>\n\n\n\n<h4 class=\"wp-block-heading\">TIRLARA \u0130Z\u0130N \u00c7IKTI<\/h4>\n\n\n\n<p>Twitter hesab\u0131ndan a\u00e7\u0131klama yapan Yerlikaya,&nbsp;<em><strong>&#8220;Meteoroloji b\u00f6lge m\u00fcd\u00fcrl\u00fc\u011f\u00fcm\u00fczden al\u0131nan son veriler neticesinde; Anadolu ve Trakya istikametlerinden \u0130stanbul&#8217;a seyahat eden t\u0131r ve kamyonlar\u0131n ilimize giri\u015fine kontroll\u00fc olarak izin verilmektedir.&#8221;<\/strong><\/em>&nbsp;dedi.<\/p>\n\n\n\n<p><a href=\"https:\/\/icdn.ensonhaber.com\/resimler\/diger\/kok\/2022\/03\/10\/ali-yerlikaya_7610.jpg\"><\/a><\/p>\n\n\n\n<figure class=\"wp-block-image\"><a href=\"https:\/\/icdn.ensonhaber.com\/resimler\/diger\/kok\/2022\/03\/10\/ali-yerlikaya_7610.jpg\"><img decoding=\"async\" src=\"https:\/\/icdn.ensonhaber.com\/resimler\/diger\/kok\/2022\/03\/10\/ali-yerlikaya_7610.jpg\" alt=\"Ali Yerlikaya: \u0130stanbul a giri\u015flere kontroll\u00fc olarak izin veriliyor #1\"\/><\/a><\/figure>\n","protected":false},"excerpt":{"rendered":"<p>Sibirya b\u00f6lgesinden geldi\u011fi belirtilen so\u011fuk hava dalgas\u0131 Aybar&#8217;\u0131n Marmara b\u00f6lgesinde b\u00fcy\u00fck bir kar ya\u011f\u0131\u015f\u0131na neden&#8230;<\/p>\n","protected":false},"author":2,"featured_media":589,"comment_status":"open","ping_status":"open","sticky":false,"template":"","format":"standard","meta":{"footnotes":""},"categories":[6],"tags":[],"class_list":["post-580","post","type-post","status-publish","format-standard","has-post-thumbnail","hentry","category-antalya"],"_links":{"self":[{"href":"https:\/\/akdenizhaberajansi.com\/index.php\/wp-json\/wp\/v2\/posts\/580","targetHints":{"allow":["GET"]}}],"collection":[{"href":"https:\/\/akdenizhaberajansi.com\/index.php\/wp-json\/wp\/v2\/posts"}],"about":[{"href":"https:\/\/akdenizhaberajansi.com\/index.php\/wp-json\/wp\/v2\/types\/post"}],"author":[{"embeddable":true,"href":"https:\/\/akdenizhaberajansi.com\/index.php\/wp-json\/wp\/v2\/users\/2"}],"replies":[{"embeddable":true,"href":"https:\/\/akdenizhaberajansi.com\/index.php\/wp-json\/wp\/v2\/comments?post=580"}],"version-history":[{"count":0,"href":"https:\/\/akdenizhaberajansi.com\/index.php\/wp-json\/wp\/v2\/posts\/580\/revisions"}],"wp:featuredmedia":[{"embeddable":true,"href":"https:\/\/akdenizhaberajansi.com\/index.php\/wp-json\/wp\/v2\/media\/589"}],"wp:attachment":[{"href":"https:\/\/akdenizhaberajansi.com\/index.php\/wp-json\/wp\/v2\/media?parent=580"}],"wp:term":[{"taxonomy":"category","embeddable":true,"href":"https:\/\/akdenizhaberajansi.com\/index.php\/wp-json\/wp\/v2\/categories?post=580"},{"taxonomy":"post_tag","embeddable":true,"href":"https:\/\/akdenizhaberajansi.com\/index.php\/wp-json\/wp\/v2\/tags?post=580"}],"curies":[{"name":"wp","href":"https:\/\/api.w.org\/{rel}","templated":true}]}}