{"id":579,"date":"2022-03-11T11:14:18","date_gmt":"2022-03-11T08:14:18","guid":{"rendered":"http:\/\/trakyahabermerkezi.com\/?p=579"},"modified":"2022-03-11T11:14:18","modified_gmt":"2022-03-11T08:14:18","slug":"fahrettin-koca-saglik-hizmetine-hepimizin-ihtiyaci-var","status":"publish","type":"post","link":"https:\/\/akdenizhaberajansi.com\/index.php\/2022\/03\/11\/fahrettin-koca-saglik-hizmetine-hepimizin-ihtiyaci-var\/","title":{"rendered":"Fahrettin Koca: Sa\u011fl\u0131k hizmetine hepimizin ihtiyac\u0131 var"},"content":{"rendered":"\n<p>Sa\u011fl\u0131k Bakan\u0131 Fahrettin Koca, Adalet Bakan\u0131 Bekir Bozda\u011f ile yarg\u0131 mensuplar\u0131n\u0131n kat\u0131l\u0131m\u0131yla bir otelde d\u00fczenlenen&nbsp;<em><strong>&#8220;Sa\u011fl\u0131k \u00c7al\u0131\u015fanlar\u0131n\u0131n Hukuken Korunmas\u0131 Sempozyumu&#8221;<\/strong><\/em>na kat\u0131ld\u0131.<\/p>\n\n\n\n<p>Bakan Fahrettin Koca, sempozyumda \u00f6nemli a\u00e7\u0131klamalarda bulundu.<\/p>\n\n\n\n<h4 class=\"wp-block-heading\">&#8220;CAM\u0130AMIZIN EN B\u00dcY\u00dcK SORUNU \u015e\u0130DDET&#8221;<\/h4>\n\n\n\n<p>Salonda adaletin temsilcilerinin bulundu\u011funu hat\u0131rlatan Bakan Koca,&nbsp;<em><strong>&#8220;Bense, bug\u00fcn kar\u015f\u0131n\u0131zda tedavi etmeye \u00e7al\u0131\u015ft\u0131\u011f\u0131 bir hastas\u0131 ya da hastas\u0131n\u0131n yak\u0131n\u0131 taraf\u0131ndan \u015fiddete u\u011fram\u0131\u015f bir hekim olarak oturabilirdim. Bug\u00fcn kar\u015f\u0131n\u0131zda erken do\u011fmu\u015f, yenido\u011fan yo\u011fun bak\u0131mda ya\u015fatmaya \u00e7al\u0131\u015ft\u0131\u011f\u0131m ve g\u00f6zlerini kaybetmi\u015f bir bebe\u011fin ailesi taraf\u0131ndan haks\u0131z bir davaya u\u011fram\u0131\u015f bir hekim olarak da oturabilirdim.&#8221;<\/strong><\/em>&nbsp;ifadesini kulland\u0131.<\/p>\n\n\n\n<p><a href=\"https:\/\/icdn.ensonhaber.com\/resimler\/diger\/kok\/2022\/03\/10\/bakan-koca_5947.jpg\"><\/a><\/p>\n\n\n\n<figure class=\"wp-block-image\"><a href=\"https:\/\/icdn.ensonhaber.com\/resimler\/diger\/kok\/2022\/03\/10\/bakan-koca_5947.jpg\"><img decoding=\"async\" src=\"https:\/\/icdn.ensonhaber.com\/resimler\/diger\/kok\/2022\/03\/10\/bakan-koca_5947.jpg\" alt=\"Fahrettin Koca: Sa\u011fl\u0131k hizmetine hepimizin ihtiyac\u0131 var #1\"\/><\/a><\/figure>\n\n\n\n<h4 class=\"wp-block-heading\">&#8220;ADALET BAKANIMIZ B\u00dcY\u00dcK GAYRET G\u00d6STER\u0130YOR&#8221;<\/h4>\n\n\n\n<p>Sa\u011fl\u0131k \u00e7al\u0131\u015fanlar\u0131n\u0131n iki \u00f6nemli sorununu \u00e7\u00f6zmek i\u00e7in Bakan Bozda\u011f ile g\u00f6reve geldi\u011fi ilk g\u00fcnden beri uzun mesailer harcayarak \u00e7al\u0131\u015ft\u0131klar\u0131n\u0131 vurgulayan Koca,&nbsp;<em><strong>&#8220;Sa\u011fl\u0131kta \u015fiddet ve malpraktis davalar\u0131n\u0131n suiistimali camiam\u0131z\u0131n en b\u00fcy\u00fck sorunlar\u0131d\u0131r.&#8221;&nbsp;<\/strong><\/em>s\u00f6zlerini sarf etti. Koca, Bakan Bozda\u011f&#8217;\u0131n&nbsp;<em><strong>&#8220;Hekimleri de hakimler gibi korumal\u0131y\u0131z.&#8221;<\/strong><\/em>&nbsp;s\u00f6z\u00fcn\u00fc an\u0131msatarak,&nbsp;<em><strong>&#8220;Bu iki sorunun \u00e7\u00f6z\u00fcme ula\u015fmas\u0131 i\u00e7in g\u00f6sterdikleri samimi \u00e7aba i\u00e7in camiam\u0131z ad\u0131na Adalet Bakan\u0131m\u0131z Bekir Bozda\u011f&#8217;a \u00e7ok te\u015fekk\u00fcr ederim. Sesimizi duydu, kendisini bizim yerimize koydu, inisiyatif ald\u0131 ve b\u00fcy\u00fck gayret g\u00f6sterdi.<\/strong><\/em><\/p>\n","protected":false},"excerpt":{"rendered":"<p>Sa\u011fl\u0131k Bakan\u0131 Fahrettin Koca, Adalet Bakan\u0131 Bekir Bozda\u011f ile yarg\u0131 mensuplar\u0131n\u0131n kat\u0131l\u0131m\u0131yla bir otelde d\u00fczenlenen&nbsp;&#8220;Sa\u011fl\u0131k&#8230;<\/p>\n","protected":false},"author":2,"featured_media":587,"comment_status":"open","ping_status":"open","sticky":false,"template":"","format":"standard","meta":{"footnotes":""},"categories":[4],"tags":[],"class_list":["post-579","post","type-post","status-publish","format-standard","has-post-thumbnail","hentry","category-saglik"],"_links":{"self":[{"href":"https:\/\/akdenizhaberajansi.com\/index.php\/wp-json\/wp\/v2\/posts\/579","targetHints":{"allow":["GET"]}}],"collection":[{"href":"https:\/\/akdenizhaberajansi.com\/index.php\/wp-json\/wp\/v2\/posts"}],"about":[{"href":"https:\/\/akdenizhaberajansi.com\/index.php\/wp-json\/wp\/v2\/types\/post"}],"author":[{"embeddable":true,"href":"https:\/\/akdenizhaberajansi.com\/index.php\/wp-json\/wp\/v2\/users\/2"}],"replies":[{"embeddable":true,"href":"https:\/\/akdenizhaberajansi.com\/index.php\/wp-json\/wp\/v2\/comments?post=579"}],"version-history":[{"count":0,"href":"https:\/\/akdenizhaberajansi.com\/index.php\/wp-json\/wp\/v2\/posts\/579\/revisions"}],"wp:featuredmedia":[{"embeddable":true,"href":"https:\/\/akdenizhaberajansi.com\/index.php\/wp-json\/wp\/v2\/media\/587"}],"wp:attachment":[{"href":"https:\/\/akdenizhaberajansi.com\/index.php\/wp-json\/wp\/v2\/media?parent=579"}],"wp:term":[{"taxonomy":"category","embeddable":true,"href":"https:\/\/akdenizhaberajansi.com\/index.php\/wp-json\/wp\/v2\/categories?post=579"},{"taxonomy":"post_tag","embeddable":true,"href":"https:\/\/akdenizhaberajansi.com\/index.php\/wp-json\/wp\/v2\/tags?post=579"}],"curies":[{"name":"wp","href":"https:\/\/api.w.org\/{rel}","templated":true}]}}