{"id":577,"date":"2022-03-11T11:13:23","date_gmt":"2022-03-11T08:13:23","guid":{"rendered":"http:\/\/trakyahabermerkezi.com\/?p=577"},"modified":"2022-03-11T11:13:23","modified_gmt":"2022-03-11T08:13:23","slug":"tiktok-video-sinirini-10-dakikaya-cikardi","status":"publish","type":"post","link":"https:\/\/akdenizhaberajansi.com\/index.php\/2022\/03\/11\/tiktok-video-sinirini-10-dakikaya-cikardi\/","title":{"rendered":"TikTok, video s\u0131n\u0131r\u0131n\u0131 10 dakikaya \u00e7\u0131kard\u0131"},"content":{"rendered":"\n<p>Son zamanlarda gizlilik sorunlar\u0131yla g\u00fcndeme gelen \u00c7in merkezli sosyal medya platformu&nbsp;<em><strong>TikTok<\/strong><\/em>, kullan\u0131c\u0131 say\u0131s\u0131n\u0131 her ge\u00e7en g\u00fcn art\u0131rmaya devam ediyor.<\/p>\n\n\n\n<p>Platformun her ge\u00e7en g\u00fcn pop\u00fcler olmas\u0131 nedeniyle \u015firket, kullan\u0131c\u0131 etkile\u015fimini daha da art\u0131rmak i\u00e7in kollar\u0131 s\u0131vad\u0131.<\/p>\n\n\n\n<p>TikTok&#8217;ta ilk ba\u015flarda 60 saniye olan video s\u0131n\u0131r\u0131, ge\u00e7ti\u011fimiz y\u0131l temmuz ay\u0131nda 3 dakikaya kadar \u00e7\u0131kart\u0131lm\u0131\u015ft\u0131.<\/p>\n\n\n\n<h4 class=\"wp-block-heading\">V\u0130DEO SINIRI 10 DAK\u0130KA OLDU<\/h4>\n\n\n\n<p>TikTok, kullan\u0131c\u0131 say\u0131s\u0131 artt\u0131k\u00e7a art\u0131k k\u0131sa video uygulamas\u0131 olmaktan \u00e7\u0131kt\u0131 ve payla\u015f\u0131mlar \u00e7e\u015fitlendi. Bunun fark\u0131nda olan \u015firket, uzun s\u00fcredir test etti\u011fi 10 dakikal\u0131k video s\u0131n\u0131r\u0131n\u0131 yay\u0131nlamaya ba\u015flad\u0131.<\/p>\n\n\n\n<p>\u00dc\u00e7 kat\u0131ndan fazla artan maksimum video s\u00fcre s\u0131n\u0131r\u0131, kullan\u0131c\u0131lar\u0131n daha yarat\u0131c\u0131 olmalar\u0131na yard\u0131mc\u0131 olacak. Makyaj ve yemek gibi belirli alanlarda i\u00e7erik \u00fcreten kullan\u0131c\u0131lar, uzun s\u00fcredir video s\u0131n\u0131r\u0131n\u0131n artmas\u0131n\u0131 istiyordu.<\/p>\n\n\n\n<p>B\u00f6ylece TikTok, eskisi gibi k\u0131sa video payla\u015f\u0131m uygulamas\u0131 olmaktan \u00e7\u0131karak YouTube&#8217;a biraz daha benzemi\u015f olacak.<\/p>\n\n\n\n<p><a href=\"https:\/\/icdn.ensonhaber.com\/resimler\/diger\/kok\/2021\/09\/28\/tiktok_5071.jpg\"><\/a><\/p>\n","protected":false},"excerpt":{"rendered":"<p>Son zamanlarda gizlilik sorunlar\u0131yla g\u00fcndeme gelen \u00c7in merkezli sosyal medya platformu&nbsp;TikTok, kullan\u0131c\u0131 say\u0131s\u0131n\u0131 her ge\u00e7en&#8230;<\/p>\n","protected":false},"author":2,"featured_media":583,"comment_status":"open","ping_status":"open","sticky":false,"template":"","format":"standard","meta":{"footnotes":""},"categories":[6,2],"tags":[],"class_list":["post-577","post","type-post","status-publish","format-standard","has-post-thumbnail","hentry","category-antalya","category-bilim"],"_links":{"self":[{"href":"https:\/\/akdenizhaberajansi.com\/index.php\/wp-json\/wp\/v2\/posts\/577","targetHints":{"allow":["GET"]}}],"collection":[{"href":"https:\/\/akdenizhaberajansi.com\/index.php\/wp-json\/wp\/v2\/posts"}],"about":[{"href":"https:\/\/akdenizhaberajansi.com\/index.php\/wp-json\/wp\/v2\/types\/post"}],"author":[{"embeddable":true,"href":"https:\/\/akdenizhaberajansi.com\/index.php\/wp-json\/wp\/v2\/users\/2"}],"replies":[{"embeddable":true,"href":"https:\/\/akdenizhaberajansi.com\/index.php\/wp-json\/wp\/v2\/comments?post=577"}],"version-history":[{"count":0,"href":"https:\/\/akdenizhaberajansi.com\/index.php\/wp-json\/wp\/v2\/posts\/577\/revisions"}],"wp:featuredmedia":[{"embeddable":true,"href":"https:\/\/akdenizhaberajansi.com\/index.php\/wp-json\/wp\/v2\/media\/583"}],"wp:attachment":[{"href":"https:\/\/akdenizhaberajansi.com\/index.php\/wp-json\/wp\/v2\/media?parent=577"}],"wp:term":[{"taxonomy":"category","embeddable":true,"href":"https:\/\/akdenizhaberajansi.com\/index.php\/wp-json\/wp\/v2\/categories?post=577"},{"taxonomy":"post_tag","embeddable":true,"href":"https:\/\/akdenizhaberajansi.com\/index.php\/wp-json\/wp\/v2\/tags?post=577"}],"curies":[{"name":"wp","href":"https:\/\/api.w.org\/{rel}","templated":true}]}}