{"id":565,"date":"2022-03-08T20:21:16","date_gmt":"2022-03-08T17:21:16","guid":{"rendered":"http:\/\/trakyahabermerkezi.com\/?p=565"},"modified":"2022-03-08T20:21:16","modified_gmt":"2022-03-08T17:21:16","slug":"edirnede-2-genc-kiz-akaryakit-istasyonunda-calisiyor","status":"publish","type":"post","link":"https:\/\/akdenizhaberajansi.com\/index.php\/2022\/03\/08\/edirnede-2-genc-kiz-akaryakit-istasyonunda-calisiyor\/","title":{"rendered":"Edirne&#8217;de 2 gen\u00e7 k\u0131z akaryak\u0131t istasyonunda \u00e7al\u0131\u015f\u0131yor"},"content":{"rendered":"\n<p>Edirne\u2019de ya\u015fayan Rabia Sakarya ve Semanur Tavuk\u00e7u, aile b\u00fct\u00e7elerine katk\u0131 sunmak i\u00e7in ba\u015flad\u0131klar\u0131 akaryak\u0131t istasyonunda sadece erkeklerin \u00e7al\u0131\u015fabilece\u011fi alg\u0131s\u0131n\u0131 k\u0131rd\u0131.<\/p>\n\n\n\n<p>M\u00fc\u015fterilerinden destek g\u00f6ren Rabia ve Semanur, g\u00fcn ge\u00e7tik\u00e7e i\u015fine d\u00f6rt elle sar\u0131ld\u0131.<\/p>\n\n\n\n<h4 class=\"wp-block-heading\">&#8216;\u0130STASYON ERKEK \u0130\u015e\u0130D\u0130R&#8217; ALGISINI KIRDILAR<\/h4>\n\n\n\n<p>Kad\u0131n\u0131n istemesi halinde her i\u015fin \u00fcstesinden gelebilece\u011fini bir kez daha g\u00f6steren pompac\u0131 gen\u00e7 k\u0131zlar, &#8216;<strong><em>istasyon i\u015fi erkek i\u015fidir&#8217;<\/em><\/strong>&nbsp;kli\u015fesini de y\u0131kt\u0131.<\/p>\n\n\n\n<p>Yapt\u0131klar\u0131 i\u015fle erkeklere ta\u015f \u00e7\u0131karan pompac\u0131 gen\u00e7 k\u0131zlar, ara\u00e7lara yak\u0131t doldurup, ara\u00e7lar\u0131n camlar\u0131n\u0131 siliyor.<\/p>\n\n\n\n<p><a href=\"https:\/\/videonuz.ensonhaber.com\/izle\/edirnede-2-genc-kiz-akaryakit-istasyonunda-calisiyor\" target=\"_blank\" rel=\"noreferrer noopener\">Edirne&#8217;de 2 gen\u00e7 k\u0131z akaryak\u0131t istasyonunda \u00e7al\u0131\u015f\u0131yor ViDEO<\/a><\/p>\n\n\n\n<figure class=\"wp-block-embed\"><div class=\"wp-block-embed__wrapper\">\nhttps:\/\/videonuz.ensonhaber.com\/player\/232075?w=620&#038;h=360\n<\/div><\/figure>\n\n\n\n<h4 class=\"wp-block-heading\">&#8220;KADININ BA\u015eARAMAYACA\u011eI H\u0130\u00c7B\u0130R \u015eEY YOK&#8221;<\/h4>\n\n\n\n<p>Akaryak\u0131t istasyonunun pompac\u0131lar\u0131ndan Rabia Sakarya, kendisini g\u00f6ren ki\u015filerin \u015fa\u015f\u0131rd\u0131\u011f\u0131n\u0131 ama \u00e7o\u011funlu\u011fu kad\u0131nlardan olu\u015fan s\u00fcr\u00fcc\u00fclerin destekledi\u011fini s\u00f6yledi.<\/p>\n\n\n\n<p>Baz\u0131 s\u00fcr\u00fcc\u00fclerin bu i\u015fi b\u0131rakmas\u0131 y\u00f6n\u00fcnde kendisine s\u00f6ylemleri oldu\u011funa da de\u011finen Sakarya,<strong><em>&nbsp;\u201cAma ben i\u015fimden olduk\u00e7a memnunum, kad\u0131n\u0131n ba\u015faramayaca\u011f\u0131 hi\u00e7bir \u015fey yok.\u201d<\/em><\/strong>&nbsp;dedi.<\/p>\n\n\n\n<h4 class=\"wp-block-heading\">&#8220;BAZILARI BEN\u0130 ERKEK SANIP, A\u011eABEY D\u0130YOR&#8221;<\/h4>\n\n\n\n<p>Sakarya,&nbsp;<em><strong>&#8220;Baz\u0131 s\u00fcr\u00fcc\u00fcler beni erkek san\u0131p doldur a\u011fabey diyorlar. Amca diyenler de var. Ama sonra kad\u0131n oldu\u011fumu anlay\u0131nca d\u00fczeltmeye \u00e7al\u0131\u015f\u0131yorlar, olsun ben al\u0131\u015ft\u0131m.&#8221;<\/strong><\/em>&nbsp;a\u00e7\u0131klamas\u0131nda bulundu.<\/p>\n","protected":false},"excerpt":{"rendered":"<p>Edirne\u2019de ya\u015fayan Rabia Sakarya ve Semanur Tavuk\u00e7u, aile b\u00fct\u00e7elerine katk\u0131 sunmak i\u00e7in ba\u015flad\u0131klar\u0131 akaryak\u0131t istasyonunda&#8230;<\/p>\n","protected":false},"author":2,"featured_media":574,"comment_status":"open","ping_status":"open","sticky":false,"template":"","format":"standard","meta":{"footnotes":""},"categories":[6],"tags":[],"class_list":["post-565","post","type-post","status-publish","format-standard","has-post-thumbnail","hentry","category-antalya"],"_links":{"self":[{"href":"https:\/\/akdenizhaberajansi.com\/index.php\/wp-json\/wp\/v2\/posts\/565","targetHints":{"allow":["GET"]}}],"collection":[{"href":"https:\/\/akdenizhaberajansi.com\/index.php\/wp-json\/wp\/v2\/posts"}],"about":[{"href":"https:\/\/akdenizhaberajansi.com\/index.php\/wp-json\/wp\/v2\/types\/post"}],"author":[{"embeddable":true,"href":"https:\/\/akdenizhaberajansi.com\/index.php\/wp-json\/wp\/v2\/users\/2"}],"replies":[{"embeddable":true,"href":"https:\/\/akdenizhaberajansi.com\/index.php\/wp-json\/wp\/v2\/comments?post=565"}],"version-history":[{"count":0,"href":"https:\/\/akdenizhaberajansi.com\/index.php\/wp-json\/wp\/v2\/posts\/565\/revisions"}],"wp:featuredmedia":[{"embeddable":true,"href":"https:\/\/akdenizhaberajansi.com\/index.php\/wp-json\/wp\/v2\/media\/574"}],"wp:attachment":[{"href":"https:\/\/akdenizhaberajansi.com\/index.php\/wp-json\/wp\/v2\/media?parent=565"}],"wp:term":[{"taxonomy":"category","embeddable":true,"href":"https:\/\/akdenizhaberajansi.com\/index.php\/wp-json\/wp\/v2\/categories?post=565"},{"taxonomy":"post_tag","embeddable":true,"href":"https:\/\/akdenizhaberajansi.com\/index.php\/wp-json\/wp\/v2\/tags?post=565"}],"curies":[{"name":"wp","href":"https:\/\/api.w.org\/{rel}","templated":true}]}}