{"id":563,"date":"2022-03-08T20:20:27","date_gmt":"2022-03-08T17:20:27","guid":{"rendered":"http:\/\/trakyahabermerkezi.com\/?p=563"},"modified":"2022-03-08T20:20:27","modified_gmt":"2022-03-08T17:20:27","slug":"joe-biden-sosyal-medyadaki-cocuk-reklamlarina-yasak-getiriyor","status":"publish","type":"post","link":"https:\/\/akdenizhaberajansi.com\/index.php\/2022\/03\/08\/joe-biden-sosyal-medyadaki-cocuk-reklamlarina-yasak-getiriyor\/","title":{"rendered":"Joe Biden, sosyal medyadaki \u00e7ocuk reklamlar\u0131na yasak getiriyor"},"content":{"rendered":"\n<p>Son y\u0131llarda internet ve sosyal medya kullan\u0131m\u0131n\u0131n ciddi \u015fekilde artmas\u0131, reklamc\u0131l\u0131k sekt\u00f6r\u00fcn\u00fcn de i\u015fine yarad\u0131.<\/p>\n\n\n\n<p>Sosyal medyada veya internette alaka d\u00fczeyine g\u00f6re kar\u015f\u0131n\u0131za \u00e7\u0131kan bu reklamlar, herhangi bir ya\u015f s\u0131n\u0131r\u0131na ba\u011fl\u0131 olmad\u0131\u011f\u0131 i\u00e7in zaman zaman \u00e7ocuklar\u0131 hedef alabiliyor.<\/p>\n\n\n\n<p>ABD Ba\u015fkan\u0131 Joe Biden,&nbsp;\u00e7ocuklar\u0131n ki\u015fisel verilerini toplayarak onlara ilgi d\u00fczeyine g\u00f6re reklam g\u00f6sterilmesine kar\u015f\u0131 \u00e7\u0131kt\u0131.<\/p>\n\n\n\n<h4 class=\"wp-block-heading\">TAMAMEN YASAKLANACAK<\/h4>\n\n\n\n<p>H\u00fck\u00fcmet, \u00e7ocuklara y\u00f6nelik reklam g\u00f6sterimlerinin yasaklanmas\u0131 ve sosyal medya \u015firketlerinin ki\u015fisel verilerin toplanmas\u0131ndan vazge\u00e7melerini istiyor.<\/p>\n\n\n\n<p>Gelen bilgilere g\u00f6re, Beyaz Saray bu \u00e7al\u0131\u015fmalar do\u011frultusunda belirli bir b\u00fct\u00e7e ay\u0131racak ve \u00e7ocuklar\u0131 reklamlardan koruyacak.<\/p>\n\n\n\n<p>Ge\u00e7ti\u011fimiz y\u0131l ortaya \u00e7\u0131kan bir facebook muhbiri, \u015firket i\u00e7inden bilgiler vermi\u015f ve Facebook&#8217;un k\u00e2rl\u0131l\u0131\u011f\u0131 art\u0131rmak i\u00e7in ki\u015fisel verileri \u00f6nemsemedi\u011fini a\u00e7\u0131klam\u0131\u015ft\u0131.<\/p>\n\n\n\n<p>Bu a\u00e7\u0131klamalar\u0131n ard\u0131ndan ba\u015fkan Biden, sosyal medya \u015firketlerini daha yak\u0131ndan incelemeye ba\u015flam\u0131\u015ft\u0131.<\/p>\n\n\n\n<p><a href=\"https:\/\/icdn.ensonhaber.com\/resimler\/diger\/kok\/2022\/03\/03\/biden_4147.jpg\"><\/a><\/p>\n\n\n\n<figure class=\"wp-block-image\"><a href=\"https:\/\/icdn.ensonhaber.com\/resimler\/diger\/kok\/2022\/03\/03\/biden_4147.jpg\"><img decoding=\"async\" src=\"https:\/\/icdn.ensonhaber.com\/resimler\/diger\/kok\/2022\/03\/03\/biden_4147.jpg\" alt=\"biden\"\/><\/a><\/figure>\n\n\n\n<figure class=\"wp-block-image\"><a href=\"https:\/\/www.youtube.com\/c\/EnSonHabermedya?sub_confirmation=1\" target=\"_blank\" rel=\"noreferrer noopener\"><img decoding=\"async\" src=\"https:\/\/icdn.ensonhaber.com\/cdn\/youtube.svg\" alt=\"\"\/><\/a><\/figure>\n","protected":false},"excerpt":{"rendered":"<p>Son y\u0131llarda internet ve sosyal medya kullan\u0131m\u0131n\u0131n ciddi \u015fekilde artmas\u0131, reklamc\u0131l\u0131k sekt\u00f6r\u00fcn\u00fcn de i\u015fine yarad\u0131&#8230;.<\/p>\n","protected":false},"author":2,"featured_media":570,"comment_status":"open","ping_status":"open","sticky":false,"template":"","format":"standard","meta":{"footnotes":""},"categories":[6,2],"tags":[],"class_list":["post-563","post","type-post","status-publish","format-standard","has-post-thumbnail","hentry","category-antalya","category-bilim"],"_links":{"self":[{"href":"https:\/\/akdenizhaberajansi.com\/index.php\/wp-json\/wp\/v2\/posts\/563","targetHints":{"allow":["GET"]}}],"collection":[{"href":"https:\/\/akdenizhaberajansi.com\/index.php\/wp-json\/wp\/v2\/posts"}],"about":[{"href":"https:\/\/akdenizhaberajansi.com\/index.php\/wp-json\/wp\/v2\/types\/post"}],"author":[{"embeddable":true,"href":"https:\/\/akdenizhaberajansi.com\/index.php\/wp-json\/wp\/v2\/users\/2"}],"replies":[{"embeddable":true,"href":"https:\/\/akdenizhaberajansi.com\/index.php\/wp-json\/wp\/v2\/comments?post=563"}],"version-history":[{"count":0,"href":"https:\/\/akdenizhaberajansi.com\/index.php\/wp-json\/wp\/v2\/posts\/563\/revisions"}],"wp:featuredmedia":[{"embeddable":true,"href":"https:\/\/akdenizhaberajansi.com\/index.php\/wp-json\/wp\/v2\/media\/570"}],"wp:attachment":[{"href":"https:\/\/akdenizhaberajansi.com\/index.php\/wp-json\/wp\/v2\/media?parent=563"}],"wp:term":[{"taxonomy":"category","embeddable":true,"href":"https:\/\/akdenizhaberajansi.com\/index.php\/wp-json\/wp\/v2\/categories?post=563"},{"taxonomy":"post_tag","embeddable":true,"href":"https:\/\/akdenizhaberajansi.com\/index.php\/wp-json\/wp\/v2\/tags?post=563"}],"curies":[{"name":"wp","href":"https:\/\/api.w.org\/{rel}","templated":true}]}}