{"id":550,"date":"2022-03-07T23:45:51","date_gmt":"2022-03-07T20:45:51","guid":{"rendered":"http:\/\/trakyahabermerkezi.com\/?p=550"},"modified":"2022-03-07T23:45:51","modified_gmt":"2022-03-07T20:45:51","slug":"trakyada-hava-sicakliklari-6-ila-12-derece-azaliyor","status":"publish","type":"post","link":"https:\/\/akdenizhaberajansi.com\/index.php\/2022\/03\/07\/trakyada-hava-sicakliklari-6-ila-12-derece-azaliyor\/","title":{"rendered":"Trakya&#8217;da hava s\u0131cakl\u0131klar\u0131 6 ila 12 derece azal\u0131yor"},"content":{"rendered":"\n<p>MGM \u0130stanbul B\u00f6lge Tahmin ve Erken Uyar\u0131 Merkezi&#8217;nce yap\u0131lan a\u00e7\u0131klamaya g\u00f6re, b\u00f6lge genelinde halen mevsim normallerinin \u00fczerinde seyreden hava s\u0131cakl\u0131klar\u0131 bug\u00fcnden itibaren Trakya&#8217;dan ba\u015flayarak hissedilir derecede 6 ila 12 derece azalacak.<\/p>\n\n\n\n<p>S\u0131cakl\u0131klar\u0131n, hafta sonuna kadar mevsim normallerinin alt\u0131nda seyredece\u011fi tahmin ediliyor. So\u011fuk ve ya\u011f\u0131\u015fl\u0131 havan\u0131n gelecek hafta ba\u015f\u0131ndan itibaren ise etkisini kaybetmesi bekleniyor.<\/p>\n\n\n\n<h4 class=\"wp-block-heading\">TEK\u0130RDA\u011e&#8217;DA \u0130PTALLER YA\u015eANDI<\/h4>\n\n\n\n<p>Tekirda\u011f&#8217;da sabah saatlerinden itibaren h\u0131z\u0131 saatte zaman zaman 100 kilometreyi bulan tam f\u0131rt\u0131na ile y\u00fcksek kesimlerde kar ya\u011f\u0131\u015f\u0131 etkili olmu\u015ftu.<\/p>\n\n\n\n<p>\u00c7orlu Atat\u00fcrk Havaliman\u0131&#8217;ndan yap\u0131lmas\u0131 planlanan e\u011fitim u\u00e7u\u015flar\u0131 iptal edilmi\u015fti. Kent merkezi ile Marmaraere\u011flisi il\u00e7esindeki bal\u0131k\u00e7\u0131lar da denize a\u00e7\u0131lamam\u0131\u015ft\u0131.<\/p>\n\n\n\n<p>Tekirda\u011f&#8217;dan Marmara Denizi&#8217;ndeki Karabiga, Av\u015fa ve Marmara Adas\u0131&#8217;na feribot seferleri ise durdurulmu\u015ftu.<\/p>\n\n\n\n<h4 class=\"wp-block-heading\">ED\u0130RNE&#8217;DE HAVA BUZ KEST\u0130<\/h4>\n\n\n\n<p>Hava s\u0131cakl\u0131\u011f\u0131n\u0131n gece eksi 8, g\u00fcnd\u00fcz ise eksi 2 derece \u00f6l\u00e7\u00fcld\u00fc\u011f\u00fc Edirne&#8217;de ise Meteoroloji yetkilileri, bug\u00fcn ve yar\u0131n kar ya\u011f\u0131\u015f\u0131n\u0131n beklenmedi\u011fini ancak so\u011fuk havan\u0131n etkisini art\u0131raca\u011f\u0131n\u0131 belirtti.<\/p>\n\n\n\n<p>Yetkililer, bu geceden itibaren s\u0131cakl\u0131\u011f\u0131n daha da d\u00fc\u015fece\u011fini kaydederek, buz ve don uyar\u0131s\u0131 yapt\u0131.<\/p>\n\n\n\n<p><a href=\"https:\/\/icdn.ensonhaber.com\/resimler\/diger\/kok\/2022\/01\/12\/trakya_3570.jpeg\"><\/a><\/p>\n\n\n\n<figure class=\"wp-block-image\"><a href=\"https:\/\/icdn.ensonhaber.com\/resimler\/diger\/kok\/2022\/01\/12\/trakya_3570.jpeg\"><img decoding=\"async\" src=\"https:\/\/icdn.ensonhaber.com\/resimler\/diger\/kok\/2022\/01\/12\/trakya_3570.jpeg\" alt=\"Trakya da hava s\u0131cakl\u0131klar\u0131 6 ila 12 derece azal\u0131yor #1\"\/><\/a><\/figure>\n\n\n\n<figure class=\"wp-block-image\"><a href=\"https:\/\/www.youtube.com\/c\/EnSonHabermedya?sub_confirmation=1\" target=\"_blank\" rel=\"noreferrer noopener\"><img decoding=\"async\" src=\"https:\/\/icdn.ensonhaber.com\/cdn\/youtube.svg\" alt=\"\"\/><\/a><\/figure>\n","protected":false},"excerpt":{"rendered":"<p>MGM \u0130stanbul B\u00f6lge Tahmin ve Erken Uyar\u0131 Merkezi&#8217;nce yap\u0131lan a\u00e7\u0131klamaya g\u00f6re, b\u00f6lge genelinde halen mevsim&#8230;<\/p>\n","protected":false},"author":2,"featured_media":559,"comment_status":"open","ping_status":"open","sticky":false,"template":"","format":"standard","meta":{"footnotes":""},"categories":[6],"tags":[],"class_list":["post-550","post","type-post","status-publish","format-standard","has-post-thumbnail","hentry","category-antalya"],"_links":{"self":[{"href":"https:\/\/akdenizhaberajansi.com\/index.php\/wp-json\/wp\/v2\/posts\/550","targetHints":{"allow":["GET"]}}],"collection":[{"href":"https:\/\/akdenizhaberajansi.com\/index.php\/wp-json\/wp\/v2\/posts"}],"about":[{"href":"https:\/\/akdenizhaberajansi.com\/index.php\/wp-json\/wp\/v2\/types\/post"}],"author":[{"embeddable":true,"href":"https:\/\/akdenizhaberajansi.com\/index.php\/wp-json\/wp\/v2\/users\/2"}],"replies":[{"embeddable":true,"href":"https:\/\/akdenizhaberajansi.com\/index.php\/wp-json\/wp\/v2\/comments?post=550"}],"version-history":[{"count":0,"href":"https:\/\/akdenizhaberajansi.com\/index.php\/wp-json\/wp\/v2\/posts\/550\/revisions"}],"wp:featuredmedia":[{"embeddable":true,"href":"https:\/\/akdenizhaberajansi.com\/index.php\/wp-json\/wp\/v2\/media\/559"}],"wp:attachment":[{"href":"https:\/\/akdenizhaberajansi.com\/index.php\/wp-json\/wp\/v2\/media?parent=550"}],"wp:term":[{"taxonomy":"category","embeddable":true,"href":"https:\/\/akdenizhaberajansi.com\/index.php\/wp-json\/wp\/v2\/categories?post=550"},{"taxonomy":"post_tag","embeddable":true,"href":"https:\/\/akdenizhaberajansi.com\/index.php\/wp-json\/wp\/v2\/tags?post=550"}],"curies":[{"name":"wp","href":"https:\/\/api.w.org\/{rel}","templated":true}]}}