{"id":549,"date":"2022-03-07T23:45:04","date_gmt":"2022-03-07T20:45:04","guid":{"rendered":"http:\/\/trakyahabermerkezi.com\/?p=549"},"modified":"2022-03-07T23:45:04","modified_gmt":"2022-03-07T20:45:04","slug":"guven-yalcin-galatasarayi-yenmek-istiyoruz","status":"publish","type":"post","link":"https:\/\/akdenizhaberajansi.com\/index.php\/2022\/03\/07\/guven-yalcin-galatasarayi-yenmek-istiyoruz\/","title":{"rendered":"G\u00fcven Yal\u00e7\u0131n: Galatasaray&#8217;\u0131 yenmek istiyoruz"},"content":{"rendered":"\n<p>Be\u015fikta\u015fl\u0131 G\u00fcven Yal\u00e7\u0131n, Ba\u015fak\u015fehir ile 2-2 berabere kald\u0131klar\u0131 ma\u00e7\u0131n ard\u0131ndan a\u00e7\u0131klamalarda bulundu.<\/p>\n\n\n\n<p>Kar\u015f\u0131la\u015fmay\u0131 de\u011ferlendiren G\u00fcven Yal\u00e7\u0131n&nbsp;<em><strong>&#8220;Kendi performas\u0131m iyiydi ama \u00f6nemli olan tak\u0131m performans\u0131. \u0130lk yar\u0131da iyi bir b\u00f6l\u00fcm yakalad\u0131k. Arka arkaya \u015fanslar bulduk. \u0130kinci yar\u0131da da ayn\u0131 \u015fekilde devam etmek istedik. \u00c7ok basit, kolay ve amat\u00f6rce goller yedik. Sonra 2-2&#8217;yi bulduk. \u00c7ok pozisyon bulamad\u0131k ama bulduklar\u0131m\u0131z\u0131 iyi de\u011ferlendirdik. Berabere kald\u0131k. Haftaya kazanmak istiyoruz.&#8221;<\/strong><\/em>&nbsp;dedi.<\/p>\n\n\n\n<p><a href=\"https:\/\/icdn.ensonhaber.com\/resimler\/diger\/kok\/2022\/03\/07\/bjk_4693.jpg\"><\/a><\/p>\n\n\n\n<figure class=\"wp-block-image\"><a href=\"https:\/\/icdn.ensonhaber.com\/resimler\/diger\/kok\/2022\/03\/07\/bjk_4693.jpg\"><img decoding=\"async\" src=\"https:\/\/icdn.ensonhaber.com\/resimler\/diger\/kok\/2022\/03\/07\/bjk_4693.jpg\" alt=\"G\u00fcven Yal\u00e7\u0131n: Galatasaray \u0131 yenmek istiyoruz #1\"\/><\/a><\/figure>\n\n\n\n<h4 class=\"wp-block-heading\">&#8220;K\u0130M OYNARSA EL\u0130NDEN GELEN\u0130 YAPACAKTIR&#8221;<\/h4>\n\n\n\n<p>Performans\u0131 hakk\u0131nda sorulan soruyu da yan\u0131tlayan G\u00fcven Yal\u00e7\u0131n&nbsp;<em><strong>&#8220;Sahada sava\u015f\u0131yorum, gollerimle yard\u0131mc\u0131 olmak istiyorum. Kim oynarsa elinden geleni yapacakt\u0131r. Haftaya (Galatasaray derbisi) kazanmay\u0131 istiyoruz.&#8221;<\/strong><\/em>&nbsp;diyerek s\u00f6zlerini noktalad\u0131.<\/p>\n","protected":false},"excerpt":{"rendered":"<p>Be\u015fikta\u015fl\u0131 G\u00fcven Yal\u00e7\u0131n, Ba\u015fak\u015fehir ile 2-2 berabere kald\u0131klar\u0131 ma\u00e7\u0131n ard\u0131ndan a\u00e7\u0131klamalarda bulundu. Kar\u015f\u0131la\u015fmay\u0131 de\u011ferlendiren G\u00fcven&#8230;<\/p>\n","protected":false},"author":2,"featured_media":557,"comment_status":"open","ping_status":"open","sticky":false,"template":"","format":"standard","meta":{"footnotes":""},"categories":[6,5],"tags":[],"class_list":["post-549","post","type-post","status-publish","format-standard","has-post-thumbnail","hentry","category-antalya","category-spor"],"_links":{"self":[{"href":"https:\/\/akdenizhaberajansi.com\/index.php\/wp-json\/wp\/v2\/posts\/549","targetHints":{"allow":["GET"]}}],"collection":[{"href":"https:\/\/akdenizhaberajansi.com\/index.php\/wp-json\/wp\/v2\/posts"}],"about":[{"href":"https:\/\/akdenizhaberajansi.com\/index.php\/wp-json\/wp\/v2\/types\/post"}],"author":[{"embeddable":true,"href":"https:\/\/akdenizhaberajansi.com\/index.php\/wp-json\/wp\/v2\/users\/2"}],"replies":[{"embeddable":true,"href":"https:\/\/akdenizhaberajansi.com\/index.php\/wp-json\/wp\/v2\/comments?post=549"}],"version-history":[{"count":0,"href":"https:\/\/akdenizhaberajansi.com\/index.php\/wp-json\/wp\/v2\/posts\/549\/revisions"}],"wp:featuredmedia":[{"embeddable":true,"href":"https:\/\/akdenizhaberajansi.com\/index.php\/wp-json\/wp\/v2\/media\/557"}],"wp:attachment":[{"href":"https:\/\/akdenizhaberajansi.com\/index.php\/wp-json\/wp\/v2\/media?parent=549"}],"wp:term":[{"taxonomy":"category","embeddable":true,"href":"https:\/\/akdenizhaberajansi.com\/index.php\/wp-json\/wp\/v2\/categories?post=549"},{"taxonomy":"post_tag","embeddable":true,"href":"https:\/\/akdenizhaberajansi.com\/index.php\/wp-json\/wp\/v2\/tags?post=549"}],"curies":[{"name":"wp","href":"https:\/\/api.w.org\/{rel}","templated":true}]}}