{"id":548,"date":"2022-03-07T23:44:40","date_gmt":"2022-03-07T20:44:40","guid":{"rendered":"http:\/\/trakyahabermerkezi.com\/?p=548"},"modified":"2022-03-07T23:44:40","modified_gmt":"2022-03-07T20:44:40","slug":"volvo-5-yeni-elektrikli-arac-tanitmaya-hazirlaniyor","status":"publish","type":"post","link":"https:\/\/akdenizhaberajansi.com\/index.php\/2022\/03\/07\/volvo-5-yeni-elektrikli-arac-tanitmaya-hazirlaniyor\/","title":{"rendered":"Volvo, 5 yeni elektrikli ara\u00e7 tan\u0131tmaya haz\u0131rlan\u0131yor"},"content":{"rendered":"\n<p>Otomobil markalar\u0131n\u0131 etkisi alt\u0131na alan k\u00fcresel \u00e7ip krizi etkisini art\u0131rmaya devam ederken, ara\u00e7 sat\u0131\u015flar\u0131 da ciddi \u015fekilde etkileniyor.<\/p>\n\n\n\n<p>\u0130sve\u00e7 merkezli otomobil \u00fcreticisi Volvo&#8217;nun, aylard\u0131r d\u00fc\u015fen sat\u0131\u015f trendi aral\u0131kta da devam etmi\u015f ve sat\u0131\u015flar y\u00fczde 18 d\u00fc\u015fm\u00fc\u015ft\u00fc.<\/p>\n\n\n\n<p>Bu d\u00fc\u015f\u00fc\u015fe ra\u011fmen, \u00f6zellikle elektrikli ara\u00e7 pazar\u0131na yat\u0131r\u0131m yapmaya devam eden \u015firket,&nbsp;\u00f6n\u00fcm\u00fczdeki y\u0131llarda \u0130sve\u00e7&#8217;teki Torslanda fabrikas\u0131na yakla\u015f\u0131k 1.1 milyar dolar yat\u0131r\u0131m yapaca\u011f\u0131n\u0131 duyurdu.<\/p>\n\n\n\n<p>S\u00f6z konusu yat\u0131r\u0131mla birlikte,&nbsp;tesisin yeni nesil elektrikli Volvo modellerinin \u00fcretimi i\u00e7in haz\u0131rlanmas\u0131 planlan\u0131yor.<\/p>\n\n\n\n<h4 class=\"wp-block-heading\">5 YEN\u0130 MODEL \u00dcRET\u0130LECEK<\/h4>\n\n\n\n<p>2030&#8217;a kadar tamamen elektrikli olma yolunda ilerleyen Volvo, 5 yeni elektrikli otomobil tan\u0131tacak. Bu modellerden&nbsp;ikisi SUV, biri sedan, di\u011fer ikisi de station wagon benzeri sportif modeller olacak.<\/p>\n\n\n\n<p><a href=\"https:\/\/icdn.ensonhaber.com\/resimler\/diger\/kok\/2022\/02\/10\/volvo_7821.jpg\"><\/a><\/p>\n\n\n\n<figure class=\"wp-block-image\"><a href=\"https:\/\/icdn.ensonhaber.com\/resimler\/diger\/kok\/2022\/02\/10\/volvo_7821.jpg\"><img decoding=\"async\" src=\"https:\/\/icdn.ensonhaber.com\/resimler\/diger\/kok\/2022\/02\/10\/volvo_7821.jpg\" alt=\"volvo\"\/><\/a><\/figure>\n\n\n\n<p>\u015eirket,&nbsp; ilk yeni elektrikli otomobilinin \u00f6n\u00fcm\u00fczdeki y\u0131l piyasaya s\u00fcr\u00fclece\u011fini aktard\u0131. S\u00f6z konusu modelle alakal\u0131 herhangi bir detay olmasa da XC90&#8217;\u0131n tamamen elektrikli versiyonu olaca\u011f\u0131 belirtiliyor.<\/p>\n\n\n\n<p>Buna ek olarak iki tane de PHEV yani \u015farj edilebilir hibrit model g\u00f6rece\u011fiz. Bunlar da temelde S90 ve CX90 PHEV modellerinin yeniden tasarlanm\u0131\u015f versiyonlar\u0131 olacak.<\/p>\n\n\n\n<p>Daha \u00f6nce \u00e7\u0131kan iddialara g\u00f6re Volvo, CX60&#8217;\u0131n da elektrikli versiyonu \u00fczerinde \u00e7al\u0131\u015f\u0131yor. Ayr\u0131ca XC40&#8217;\u0131n alt\u0131nda konumlanacak bir elektrikli model de \u015firketin planlar\u0131 aras\u0131nda.<\/p>\n","protected":false},"excerpt":{"rendered":"<p>Otomobil markalar\u0131n\u0131 etkisi alt\u0131na alan k\u00fcresel \u00e7ip krizi etkisini art\u0131rmaya devam ederken, ara\u00e7 sat\u0131\u015flar\u0131 da&#8230;<\/p>\n","protected":false},"author":2,"featured_media":555,"comment_status":"open","ping_status":"open","sticky":false,"template":"","format":"standard","meta":{"footnotes":""},"categories":[6,2],"tags":[],"class_list":["post-548","post","type-post","status-publish","format-standard","has-post-thumbnail","hentry","category-antalya","category-bilim"],"_links":{"self":[{"href":"https:\/\/akdenizhaberajansi.com\/index.php\/wp-json\/wp\/v2\/posts\/548","targetHints":{"allow":["GET"]}}],"collection":[{"href":"https:\/\/akdenizhaberajansi.com\/index.php\/wp-json\/wp\/v2\/posts"}],"about":[{"href":"https:\/\/akdenizhaberajansi.com\/index.php\/wp-json\/wp\/v2\/types\/post"}],"author":[{"embeddable":true,"href":"https:\/\/akdenizhaberajansi.com\/index.php\/wp-json\/wp\/v2\/users\/2"}],"replies":[{"embeddable":true,"href":"https:\/\/akdenizhaberajansi.com\/index.php\/wp-json\/wp\/v2\/comments?post=548"}],"version-history":[{"count":0,"href":"https:\/\/akdenizhaberajansi.com\/index.php\/wp-json\/wp\/v2\/posts\/548\/revisions"}],"wp:featuredmedia":[{"embeddable":true,"href":"https:\/\/akdenizhaberajansi.com\/index.php\/wp-json\/wp\/v2\/media\/555"}],"wp:attachment":[{"href":"https:\/\/akdenizhaberajansi.com\/index.php\/wp-json\/wp\/v2\/media?parent=548"}],"wp:term":[{"taxonomy":"category","embeddable":true,"href":"https:\/\/akdenizhaberajansi.com\/index.php\/wp-json\/wp\/v2\/categories?post=548"},{"taxonomy":"post_tag","embeddable":true,"href":"https:\/\/akdenizhaberajansi.com\/index.php\/wp-json\/wp\/v2\/tags?post=548"}],"curies":[{"name":"wp","href":"https:\/\/api.w.org\/{rel}","templated":true}]}}