{"id":518,"date":"2022-03-05T00:39:05","date_gmt":"2022-03-04T21:39:05","guid":{"rendered":"http:\/\/trakyahabermerkezi.com\/?p=518"},"modified":"2022-03-05T00:39:05","modified_gmt":"2022-03-04T21:39:05","slug":"ukraynadaki-savas-turkiyenin-findik-ihracatini-vurdu","status":"publish","type":"post","link":"https:\/\/akdenizhaberajansi.com\/index.php\/2022\/03\/05\/ukraynadaki-savas-turkiyenin-findik-ihracatini-vurdu\/","title":{"rendered":"Ukrayna\u2019daki sava\u015f, T\u00fcrkiye\u2019nin f\u0131nd\u0131k ihracat\u0131n\u0131 vurdu"},"content":{"rendered":"\n<p>Rusya&#8217;n\u0131n Ukrayna&#8217;ya y\u00f6nelik askeri harekat\u0131, T\u00fcrkiye\u2019nin f\u0131nd\u0131k ihracat\u0131n\u0131 olumsuz etkiledi.<\/p>\n\n\n\n<p>Yollardaki ve limandaki t\u0131r \u015fof\u00f6rleri geri \u00e7a\u011f\u0131r\u0131l\u0131rken, f\u0131nd\u0131k ihracat\u0131 i\u00e7in alternatif pazar aray\u0131\u015flar\u0131 da \u015fimdiden ba\u015flad\u0131. Ulusal F\u0131nd\u0131k Konseyi Y\u00f6netim Kurulu \u00dcyesi ve Trabzon Ticaret Borsas\u0131 Meclis Ba\u015fkan\u0131 Sebahattin Arslant\u00fcrk, b\u00fct\u00fcn deniz ve kara yolu ula\u015f\u0131m\u0131n\u0131n t\u0131kand\u0131\u011f\u0131n\u0131 s\u00f6yledi. Arslant\u00fcrk, yapt\u0131\u011f\u0131 a\u00e7\u0131klamalarda \u015fu ifadelere yer verdi:<\/p>\n\n\n\n<p><em><strong>\u201cYolda olan \u00fcr\u00fcnlerimizi geri \u00e7a\u011f\u0131rd\u0131k. \u0130lerideki tarihteki y\u00fcklemelerimizi mecburiyetten durdurduk. Rusya ve Ukrayna&#8217;ya y\u0131ll\u0131k 50 milyon dolarl\u0131k bir ihrac\u0131m\u0131z s\u00f6z konusuydu.<\/strong><\/em><\/p>\n\n\n\n<h4 class=\"wp-block-heading\">\u201cSAVA\u015e DURUMUNUN K\u0130MSEYE FAYDASI YOK\u201d<\/h4>\n\n\n\n<p><em><strong>Olu\u015fan bu sava\u015f durumunun kimseye faydas\u0131 yok. B\u00fct\u00fcn d\u00fcnyan\u0131n etkilendi\u011fi gibi b\u00f6lgemiz de olumsuz etkilendi. Bundan sonras\u0131nda sava\u015f\u0131n bir an \u00f6nce durdurulup, normal ya\u015fama d\u00f6n\u00fclmesini umuyoruz.\u201d<\/strong><\/em><\/p>\n\n\n\n<p><em><strong><a href=\"https:\/\/videonuz.ensonhaber.com\/izle\/ukraynadaki-savas-turkiyenin-findik-ihracatini-vurdu\" target=\"_blank\" rel=\"noreferrer noopener\">Ukrayna\u2019daki sava\u015f, T\u00fcrkiye\u2019nin f\u0131nd\u0131k ihracat\u0131n\u0131 vurdu ViDEO<\/a><\/strong><\/em><\/p>\n\n\n\n<figure class=\"wp-block-embed\"><div class=\"wp-block-embed__wrapper\">\nhttps:\/\/videonuz.ensonhaber.com\/player\/231835?w=620&#038;h=360\n<\/div><\/figure>\n\n\n\n<p><em><strong><a href=\"https:\/\/icdn.ensonhaber.com\/resimler\/diger\/kok\/2022\/03\/04\/findik_1677.jpg\"><\/a><\/strong><\/em><\/p>\n\n\n\n<figure class=\"wp-block-image\"><a href=\"https:\/\/icdn.ensonhaber.com\/resimler\/diger\/kok\/2022\/03\/04\/findik_1677.jpg\"><img decoding=\"async\" src=\"https:\/\/icdn.ensonhaber.com\/resimler\/diger\/kok\/2022\/03\/04\/findik_1677.jpg\" alt=\"Ukrayna\u2019daki sava\u015f, T\u00fcrkiye\u2019nin f\u0131nd\u0131k ihracat\u0131n\u0131 vurdu  #1\"\/><\/a><\/figure>\n\n\n\n<p><em><strong><\/strong><\/em><em><strong><\/strong><\/em><\/p>\n\n\n\n<h4 class=\"wp-block-heading\">\u201cALTERNAT\u0130F PAZARLAR ARAYI\u015eINDAYIZ\u201d<\/h4>\n\n\n\n<p>Yap\u0131lan kontratlar\u0131n yerine getirilmeyece\u011fini kaydeden Arslant\u00fcrk,&nbsp;<em><strong>\u201c\u00c7\u00fcnk\u00fc bir yara var. Ticaret i\u00e7in bundan sonras\u0131nda alternatif pazarlar aray\u0131\u015f\u0131nday\u0131z. Zaten f\u0131nd\u0131k sekt\u00f6r\u00fc son y\u0131llarda bir at\u0131l\u0131m i\u00e7inde. Amac\u0131m\u0131z, di\u011fer a\u00e7\u0131ld\u0131\u011f\u0131m\u0131z yeni pazarlarda hacmimizi b\u00fcy\u00fctmek. Buna da \u00f6rnek; Hindistan ve \u00c7in&#8217;dir.<\/strong><\/em><\/p>\n\n\n\n<h4 class=\"wp-block-heading\"><em><strong><\/strong><\/em>\u201c\u00c7\u0130N, D\u00dcNYADA B\u0130Z\u0130M EN \u00d6NEML\u0130 PAZARIMIZ HAL\u0130NE GE<\/h4>\n","protected":false},"excerpt":{"rendered":"<p>Rusya&#8217;n\u0131n Ukrayna&#8217;ya y\u00f6nelik askeri harekat\u0131, T\u00fcrkiye\u2019nin f\u0131nd\u0131k ihracat\u0131n\u0131 olumsuz etkiledi. Yollardaki ve limandaki t\u0131r \u015fof\u00f6rleri&#8230;<\/p>\n","protected":false},"author":2,"featured_media":524,"comment_status":"open","ping_status":"open","sticky":false,"template":"","format":"standard","meta":{"footnotes":""},"categories":[6,4],"tags":[],"class_list":["post-518","post","type-post","status-publish","format-standard","has-post-thumbnail","hentry","category-antalya","category-saglik"],"_links":{"self":[{"href":"https:\/\/akdenizhaberajansi.com\/index.php\/wp-json\/wp\/v2\/posts\/518","targetHints":{"allow":["GET"]}}],"collection":[{"href":"https:\/\/akdenizhaberajansi.com\/index.php\/wp-json\/wp\/v2\/posts"}],"about":[{"href":"https:\/\/akdenizhaberajansi.com\/index.php\/wp-json\/wp\/v2\/types\/post"}],"author":[{"embeddable":true,"href":"https:\/\/akdenizhaberajansi.com\/index.php\/wp-json\/wp\/v2\/users\/2"}],"replies":[{"embeddable":true,"href":"https:\/\/akdenizhaberajansi.com\/index.php\/wp-json\/wp\/v2\/comments?post=518"}],"version-history":[{"count":0,"href":"https:\/\/akdenizhaberajansi.com\/index.php\/wp-json\/wp\/v2\/posts\/518\/revisions"}],"wp:featuredmedia":[{"embeddable":true,"href":"https:\/\/akdenizhaberajansi.com\/index.php\/wp-json\/wp\/v2\/media\/524"}],"wp:attachment":[{"href":"https:\/\/akdenizhaberajansi.com\/index.php\/wp-json\/wp\/v2\/media?parent=518"}],"wp:term":[{"taxonomy":"category","embeddable":true,"href":"https:\/\/akdenizhaberajansi.com\/index.php\/wp-json\/wp\/v2\/categories?post=518"},{"taxonomy":"post_tag","embeddable":true,"href":"https:\/\/akdenizhaberajansi.com\/index.php\/wp-json\/wp\/v2\/tags?post=518"}],"curies":[{"name":"wp","href":"https:\/\/api.w.org\/{rel}","templated":true}]}}