{"id":517,"date":"2022-03-05T00:38:40","date_gmt":"2022-03-04T21:38:40","guid":{"rendered":"http:\/\/trakyahabermerkezi.com\/?p=517"},"modified":"2022-03-05T00:38:40","modified_gmt":"2022-03-04T21:38:40","slug":"as-inter-avrupa-super-liginden-ayrildi","status":"publish","type":"post","link":"https:\/\/akdenizhaberajansi.com\/index.php\/2022\/03\/05\/as-inter-avrupa-super-liginden-ayrildi\/","title":{"rendered":"AS: Inter, Avrupa S\u00fcper Ligi&#8217;nden ayr\u0131ld\u0131"},"content":{"rendered":"\n<p>Nisan 2021&#8217;de 12 kurucu kul\u00fcb\u00fcn ortak a\u00e7\u0131klamas\u0131yla ilan edilen Avrupa S\u00fcper Ligi projesi k\u0131sa s\u00fcre i\u00e7inde tepkilerin odak noktas\u0131 olmu\u015f ve plan rafa kalkm\u0131\u015ft\u0131.<\/p>\n\n\n\n<p>Real Madrid, Barcelona ve Juventus&#8217;un \u00f6nc\u00fcl\u00fck etti\u011fi projenin yank\u0131lar\u0131 yeniden y\u00fckseliyor. Juventus&#8217;un patronu Andrea Agnelli, futbolun reformlara ihtiyac\u0131 oldu\u011funu vurgulayarak S\u00fcper Lig projesinin ortadan kalkmad\u0131\u011f\u0131n\u0131 hat\u0131rlatt\u0131.<\/p>\n\n\n\n<p>Financial Times&#8217;\u0131n Londra&#8217;daki spor panelinde konu\u015fan Andrea Agnelli, 12 kul\u00fcb\u00fcn 150 sayfal\u0131k bir s\u00f6zle\u015fme imzalad\u0131\u011f\u0131n\u0131 ve t\u00fcm kul\u00fcplerin buna g\u00f6re hareket etmek zorunda kald\u0131\u011f\u0131n\u0131 dile getirdi.<\/p>\n\n\n\n<p><a href=\"https:\/\/icdn.ensonhaber.com\/resimler\/diger\/kok\/2022\/03\/04\/avrupa-super-ligi_9403.jpeg\"><\/a><\/p>\n\n\n\n<figure class=\"wp-block-image\"><a href=\"https:\/\/icdn.ensonhaber.com\/resimler\/diger\/kok\/2022\/03\/04\/avrupa-super-ligi_9403.jpeg\"><img decoding=\"async\" src=\"https:\/\/icdn.ensonhaber.com\/resimler\/diger\/kok\/2022\/03\/04\/avrupa-super-ligi_9403.jpeg\" alt=\"AS: Inter, Avrupa S\u00fcper Ligi nden ayr\u0131ld\u0131 #1\"\/><\/a><\/figure>\n\n\n\n<h4 class=\"wp-block-heading\">&#8220;AYRILAN KUL\u00dcP INTER&#8221;<\/h4>\n\n\n\n<p>Agnelli,&nbsp;<em><strong>&#8220;150 sayfal\u0131k bir s\u00f6zle\u015fmeye imza atan 12 kul\u00fcp var ve bu kontrat 11&#8217;ini hala kaps\u0131yor.&#8221;<\/strong><\/em>&nbsp;s\u00f6zleriyle bir kul\u00fcb\u00fcn projedenayr\u0131ld\u0131\u011f\u0131n\u0131 do\u011frulam\u0131\u015ft\u0131.<br>Bu kul\u00fcb\u00fcn \u0130talyan devi Inter oldu\u011fu ortaya \u00e7\u0131kt\u0131.<\/p>\n\n\n\n<p>AS gazetesinin haberine g\u00f6re Serie A ekiplerinden Inter, Avrupa S\u00fcper Ligi projesinden ayr\u0131ld\u0131.<\/p>\n\n\n\n<p>Inter turnuvaya dahil olurken projeden ayr\u0131lmalar\u0131na m\u00fcsade eden \u00f6zel bir madde vard\u0131. Inter&#8217;in projeden neden ayr\u0131ld\u0131\u011f\u0131 bilinmezken bu durum kul\u00fcp patronlar\u0131n\u0131n gelecekte tak\u0131m\u0131 satma ihtimaliyle ili\u015fkilendirildi.<\/p>\n\n\n\n<p>Inter&#8217;in projeden ayr\u0131lmas\u0131n\u0131 sa\u011flayan \u00f6zel madde di\u011fer 11 kul\u00fcb\u00fc kapsam\u0131yor. Di\u011fer kul\u00fcpler Avrupa S\u00fcper Ligi&#8217;nden ayr\u0131ld\u0131\u011f\u0131n\u0131 duyursalar Agnelli&#8217;nin a\u00e7\u0131klamalar\u0131na g\u00f6re s\u00f6zle\u015fmeye ba\u011fl\u0131l\u0131klar\u0131 devam ediyor.<\/p>\n\n\n\n<p>Avrupa S\u00fcper Ligi konusunda mutabakata varan ve ortak s\u00f6zle\u015fme imzalayan kul\u00fcpler \u015fu \u015fekilde: Real Madrid, Barcelona, Juventus, Milan, Atletico Madrid, Manchester United, Manchester City, Chelsea, Liverpool, Arsenal, Tottenham.<\/p>\n","protected":false},"excerpt":{"rendered":"<p>Nisan 2021&#8217;de 12 kurucu kul\u00fcb\u00fcn ortak a\u00e7\u0131klamas\u0131yla ilan edilen Avrupa S\u00fcper Ligi projesi k\u0131sa s\u00fcre&#8230;<\/p>\n","protected":false},"author":2,"featured_media":522,"comment_status":"open","ping_status":"open","sticky":false,"template":"","format":"standard","meta":{"footnotes":""},"categories":[6,5],"tags":[],"class_list":["post-517","post","type-post","status-publish","format-standard","has-post-thumbnail","hentry","category-antalya","category-spor"],"_links":{"self":[{"href":"https:\/\/akdenizhaberajansi.com\/index.php\/wp-json\/wp\/v2\/posts\/517","targetHints":{"allow":["GET"]}}],"collection":[{"href":"https:\/\/akdenizhaberajansi.com\/index.php\/wp-json\/wp\/v2\/posts"}],"about":[{"href":"https:\/\/akdenizhaberajansi.com\/index.php\/wp-json\/wp\/v2\/types\/post"}],"author":[{"embeddable":true,"href":"https:\/\/akdenizhaberajansi.com\/index.php\/wp-json\/wp\/v2\/users\/2"}],"replies":[{"embeddable":true,"href":"https:\/\/akdenizhaberajansi.com\/index.php\/wp-json\/wp\/v2\/comments?post=517"}],"version-history":[{"count":0,"href":"https:\/\/akdenizhaberajansi.com\/index.php\/wp-json\/wp\/v2\/posts\/517\/revisions"}],"wp:featuredmedia":[{"embeddable":true,"href":"https:\/\/akdenizhaberajansi.com\/index.php\/wp-json\/wp\/v2\/media\/522"}],"wp:attachment":[{"href":"https:\/\/akdenizhaberajansi.com\/index.php\/wp-json\/wp\/v2\/media?parent=517"}],"wp:term":[{"taxonomy":"category","embeddable":true,"href":"https:\/\/akdenizhaberajansi.com\/index.php\/wp-json\/wp\/v2\/categories?post=517"},{"taxonomy":"post_tag","embeddable":true,"href":"https:\/\/akdenizhaberajansi.com\/index.php\/wp-json\/wp\/v2\/tags?post=517"}],"curies":[{"name":"wp","href":"https:\/\/api.w.org\/{rel}","templated":true}]}}