{"id":463,"date":"2022-02-28T00:39:39","date_gmt":"2022-02-27T21:39:39","guid":{"rendered":"http:\/\/trakyahabermerkezi.com\/?p=463"},"modified":"2022-02-28T00:39:39","modified_gmt":"2022-02-27T21:39:39","slug":"abdde-maske-kisitlamalari-gevsetilecek","status":"publish","type":"post","link":"https:\/\/akdenizhaberajansi.com\/index.php\/2022\/02\/28\/abdde-maske-kisitlamalari-gevsetilecek\/","title":{"rendered":"ABD\u2019de, maske k\u0131s\u0131tlamalar\u0131 gev\u015fetilecek"},"content":{"rendered":"\n<p>Koronavir\u00fcs ile m\u00fccadele kapsam\u0131nda a\u015f\u0131lama \u00e7al\u0131\u015fmalar\u0131 devam ederken, bir\u00e7ok \u00fclkede maske tedbirlerinin gev\u015fetilmesi i\u00e7in \u00e7al\u0131\u015fmalara ba\u015fland\u0131.<\/p>\n\n\n\n<p>ABD h\u00fck\u00fcmetinin, maske takma zorunlulu\u011funu \u00f6nemli \u00f6l\u00e7\u00fcde gev\u015fetecek bir karar almaya haz\u0131rland\u0131\u011f\u0131 bildirildi.<\/p>\n\n\n\n<h4 class=\"wp-block-heading\">KAPALI KAMUSAL ALANLARDA ZORUNLULUK GEV\u015eET\u0130LECEK<\/h4>\n\n\n\n<p>Hastal\u0131k Kontrol ve \u00d6nleme Merkezi\u2019nden (CDC) bir yetkiliye g\u00f6re, \u00fclkede maske takma kurallar\u0131nda de\u011fi\u015fikli\u011fe gidilerek kapal\u0131 kamusal alanlarda bu zorunluk gev\u015fetilecek.<\/p>\n\n\n\n<p><a href=\"https:\/\/icdn.ensonhaber.com\/resimler\/diger\/kok\/2022\/02\/26\/maske_2511.jpg\"><\/a><\/p>\n\n\n\n<figure class=\"wp-block-image\"><a href=\"https:\/\/icdn.ensonhaber.com\/resimler\/diger\/kok\/2022\/02\/26\/maske_2511.jpg\"><img decoding=\"async\" src=\"https:\/\/icdn.ensonhaber.com\/resimler\/diger\/kok\/2022\/02\/26\/maske_2511.jpg\" alt=\"ABD\u2019de, maske k\u0131s\u0131tlamalar\u0131 gev\u015fetilecek #1\"\/><\/a><\/figure>\n\n\n\n<p>Yetkili yeni \u00f6l\u00e7\u00fcmlere g\u00f6re, vaka say\u0131lar\u0131n\u0131n dikkate al\u0131nmaya devam edilece\u011fini ve bunun yan\u0131 s\u0131ra koronovir\u00fcs\u00fcn omicron varyant\u0131na ba\u011fl\u0131 hastaneye yat\u0131\u015f say\u0131lar\u0131 ve hastane kapasitelerinin g\u00f6z \u00f6n\u00fcnde bulundurulaca\u011f\u0131n\u0131 belirtti.<\/p>\n\n\n\n<p>Yetkili ayr\u0131ca yeni politikan\u0131n, ABD h\u00fck\u00fcmetinin oda\u011f\u0131n\u0131 t\u00fcm enfeksiyon vakalar\u0131 yerine koronavir\u00fcsten kaynaklanan ciddi hastal\u0131klar\u0131 ve \u00f6l\u00fcmleri \u00f6nlemeye y\u00f6nelmesiyle ba\u011flant\u0131l\u0131 oldu\u011funu s\u00f6yledi.<\/p>\n\n\n\n<h4 class=\"wp-block-heading\">\u201cAC\u0130L SERV\u0130SLER\u0130M\u0130Z, AC\u0130L HASTALARIN SIRADA BEKLEMES\u0130N\u0130 GEREKT\u0130RMEYECEK YO\u011eUNLUKTA OLMALI\u201d<\/h4>\n\n\n\n<p>CDC Direkt\u00f6r\u00fc Dr. Rochelle Walensky ge\u00e7en hafta Beyaz Saray brifinginde,&nbsp;<em><strong>&#8220;Hastanelerimizin kalp krizi ve fel\u00e7 ge\u00e7iren ki\u015filerle ilgilenebilmesi gerekiyor. Acil servislerimiz, acil sorunlar\u0131 olan hastalar\u0131n s\u0131rada beklemesini gerektirmeyecek yo\u011funlukta olmal\u0131.\u201d<\/strong><\/em>&nbsp;ifadesini kullanm\u0131\u015ft\u0131.<\/p>\n\n\n\n<p>\u00d6te yandan mevcut y\u00f6nergelere g\u00f6re, ABD eyaletlerinin y\u00fczde 95&#8217;inde ge\u00e7erli olan toplu ta\u015f\u0131mada maske zorunlulu\u011funun yeni CDC k\u0131lavuzunda yer al\u0131p almayaca\u011f\u0131 merak ediliyor.<\/p>\n","protected":false},"excerpt":{"rendered":"<p>Koronavir\u00fcs ile m\u00fccadele kapsam\u0131nda a\u015f\u0131lama \u00e7al\u0131\u015fmalar\u0131 devam ederken, bir\u00e7ok \u00fclkede maske tedbirlerinin gev\u015fetilmesi i\u00e7in \u00e7al\u0131\u015fmalara&#8230;<\/p>\n","protected":false},"author":2,"featured_media":470,"comment_status":"open","ping_status":"open","sticky":false,"template":"","format":"standard","meta":{"footnotes":""},"categories":[6,4],"tags":[],"class_list":["post-463","post","type-post","status-publish","format-standard","has-post-thumbnail","hentry","category-antalya","category-saglik"],"_links":{"self":[{"href":"https:\/\/akdenizhaberajansi.com\/index.php\/wp-json\/wp\/v2\/posts\/463","targetHints":{"allow":["GET"]}}],"collection":[{"href":"https:\/\/akdenizhaberajansi.com\/index.php\/wp-json\/wp\/v2\/posts"}],"about":[{"href":"https:\/\/akdenizhaberajansi.com\/index.php\/wp-json\/wp\/v2\/types\/post"}],"author":[{"embeddable":true,"href":"https:\/\/akdenizhaberajansi.com\/index.php\/wp-json\/wp\/v2\/users\/2"}],"replies":[{"embeddable":true,"href":"https:\/\/akdenizhaberajansi.com\/index.php\/wp-json\/wp\/v2\/comments?post=463"}],"version-history":[{"count":0,"href":"https:\/\/akdenizhaberajansi.com\/index.php\/wp-json\/wp\/v2\/posts\/463\/revisions"}],"wp:featuredmedia":[{"embeddable":true,"href":"https:\/\/akdenizhaberajansi.com\/index.php\/wp-json\/wp\/v2\/media\/470"}],"wp:attachment":[{"href":"https:\/\/akdenizhaberajansi.com\/index.php\/wp-json\/wp\/v2\/media?parent=463"}],"wp:term":[{"taxonomy":"category","embeddable":true,"href":"https:\/\/akdenizhaberajansi.com\/index.php\/wp-json\/wp\/v2\/categories?post=463"},{"taxonomy":"post_tag","embeddable":true,"href":"https:\/\/akdenizhaberajansi.com\/index.php\/wp-json\/wp\/v2\/tags?post=463"}],"curies":[{"name":"wp","href":"https:\/\/api.w.org\/{rel}","templated":true}]}}