{"id":462,"date":"2022-02-28T00:38:32","date_gmt":"2022-02-27T21:38:32","guid":{"rendered":"http:\/\/trakyahabermerkezi.com\/?p=462"},"modified":"2022-02-28T00:38:32","modified_gmt":"2022-02-27T21:38:32","slug":"rusya-mobil-dunya-kongresinden-atildi","status":"publish","type":"post","link":"https:\/\/akdenizhaberajansi.com\/index.php\/2022\/02\/28\/rusya-mobil-dunya-kongresinden-atildi\/","title":{"rendered":"Rusya, Mobil D\u00fcnya Kongresi&#8217;nden at\u0131ld\u0131"},"content":{"rendered":"\n<p>\u0130spanya&#8217;n\u0131n Barselona kentinde 28 \u015eubat&#8217;ta ba\u015flayacak Mobil D\u00fcnya Kongresi&#8217;ne Rusya al\u0131nmayacak.<\/p>\n\n\n\n<ul class=\"wp-block-list\"><li>AA &amp; Ensonhaber<\/li><li>26.02.2022 &#8211; 10:11<\/li><\/ul>\n\n\n\n<p><a href=\"javascript:;\">Telegram ile payla\u015f<\/a><a href=\"javascript:;\"><\/a><a href=\"javascript:;\"><\/a><a href=\"javascript:;\"><\/a><a href=\"javascript:;\"><\/a><a href=\"https:\/\/news.google.com\/publications\/CAAqBwgKMJDvkQswkoSnAw?hl=tr&amp;gl=TR&amp;ceid=TR%3Atr\" rel=\"noreferrer noopener\" target=\"_blank\">Google News&#8217;de takip et<\/a><img decoding=\"async\" alt=\"Rusya, Mobil D\u00fcnya Kongresi'nden at\u0131ld\u0131\" height=\"141\" src=\"https:\/\/icdn.ensonhaber.com\/crop\/250x141-85\/resimler\/diger\/\/kok\/2022\/02\/26\/mobil-dunya-kongresi_6285.jpg\"><\/p>\n\n\n\n<p>Mobil teknoloji firmalar\u0131n\u0131n yeni \u00fcr\u00fcnlerini tan\u0131tt\u0131\u011f\u0131, 200 kadar \u00fclkeden 100 binden fazla sekt\u00f6r temsilcisinin kat\u0131ld\u0131\u011f\u0131 MWC, 2006 y\u0131l\u0131ndan bu yana Barselona&#8217;da d\u00fczenleniyor.<\/p>\n\n\n\n<p>MWC, yakla\u015f\u0131k 13 bin ki\u015fiye sa\u011flad\u0131\u011f\u0131 istihdam ve b\u0131rakt\u0131\u011f\u0131 450 milyon euroluk gelirden dolay\u0131 Barselona kenti i\u00e7in b\u00fcy\u00fck \u00f6nem ta\u015f\u0131yor.<\/p>\n\n\n\n<h4 class=\"wp-block-heading\">RUSYA, MWC&#8217;DEN ATILDI<\/h4>\n\n\n\n<p>GSM birli\u011fi GSMA&#8217;dan yap\u0131lan yaz\u0131l\u0131 a\u00e7\u0131klamada, Ukrayna&#8217;ya m\u00fcdahalesi nedeniyle Rusya&#8217;n\u0131n &#8220;\u015fiddetle k\u0131nand\u0131\u011f\u0131&#8221; ve 3 Mart&#8217;a kadar s\u00fcrecek Mobil D\u00fcnya Kongresi&#8217;nde Rus stand\u0131n\u0131n a\u00e7\u0131lmamas\u0131 karar\u0131 al\u0131nd\u0131\u011f\u0131 duyuruldu.<\/p>\n\n\n\n<p>Rusya&#8217;ya uygulanan t\u00fcm yapt\u0131r\u0131mlara ve h\u00fck\u00fcmet politikalar\u0131na uygun hareket edilece\u011fi belirtilen a\u00e7\u0131klamada, Rusya&#8217;dan gelen \u015firketlerin veya ziyaret\u00e7ilerin fuara al\u0131naca\u011f\u0131, ancak bu \u00fclkeye ba\u011fl\u0131 hi\u00e7bir stant bulunmayaca\u011f\u0131 kaydedildi.<\/p>\n\n\n\n<h4 class=\"wp-block-heading\"><img alt=\"mwd\" width=\"1200\" height=\"675\"><\/h4>\n\n\n\n<p>Mobil D\u00fcnya Kongresi&#8217;nde stant hakk\u0131 kald\u0131r\u0131lan Rus \u015firketleri aras\u0131nda Russian Export Center, Russian Satellite Communication Company, Kaspersky&#8217;nin adlar\u0131 ge\u00e7iyor.<\/p>\n\n\n\n<p>5G ba\u011flant\u0131s\u0131n\u0131n, bulut bili\u015fimin, giri\u015fimcilik ve sanal ger\u00e7eklik konular\u0131n\u0131n \u00f6ne \u00e7\u0131kar\u0131laca\u011f\u0131 kongrenin 28 \u015eubat&#8217;ta ba\u015flamas\u0131 bekleniyor.<\/p>\n\n\n\n<figure class=\"wp-block-image\"><a href=\"https:\/\/www.youtube.com\/c\/EnSonHabermedya?sub_confirmation=1\" target=\"_blank\" rel=\"noreferrer noopener\"><img decoding=\"async\" src=\"https:\/\/icdn.ensonhaber.com\/cdn\/youtube.svg\" alt=\"\"\/><\/a><\/figure>\n\n\n\n<h4 class=\"wp-block-heading\">\u0130lginizi \u00c7ekebilir<\/h4>\n\n\n\n<p><a href=\"https:\/\/ensonhaber.me\/ro\" rel=\"noreferrer noopener\" target=\"_blank\">BTCROBOBtcrobo, otomatik al-sat yapan bir yaz\u0131l\u0131md\u0131r<\/a><a href=\"https:\/\/www.ensonhaber.com\/dunya\/almanyada-rusya-karsiti-protesto\" target=\"_blank\" rel=\"noreferrer noopener\">D\u00dcNYAAlmanya&#8217;da Rusya kar\u015f\u0131t\u0131 protesto<\/a><a href=\"https:\/\/www.ensonhaber.com\/ic-haber\/boluda-pakalari-sokup-drift-yapan-alkollu-surucuye-14-bin-lira-ceza\" target=\"_blank\" rel=\"noreferrer noopener\">\u0130\u00c7 HABERBolu&#8217;da plakalar\u0131 s\u00f6k\u00fcp, drift yapan alkoll\u00fc s\u00fcr\u00fcc\u00fcye 14 bin lira ceza<\/a><\/p>\n\n\n\n<ul class=\"wp-block-list\"><li><a href=\"javascript:void(0);\">WhatsApp ile payla\u015f<\/a><\/li><li><a href=\"javascript:void(0);\">Facebook ile payla\u015f<\/a><\/li><li><a href=\"javascript:void(0);\">Twitter ile payla\u015f<\/a><\/li><li><a href=\"javascript:void(0);\">Yorum Yap<\/a><\/li><\/ul>\n","protected":false},"excerpt":{"rendered":"<p>\u0130spanya&#8217;n\u0131n Barselona kentinde 28 \u015eubat&#8217;ta ba\u015flayacak Mobil D\u00fcnya Kongresi&#8217;ne Rusya al\u0131nmayacak. AA &amp; Ensonhaber 26.02.2022&#8230;<\/p>\n","protected":false},"author":2,"featured_media":468,"comment_status":"open","ping_status":"open","sticky":false,"template":"","format":"standard","meta":{"footnotes":""},"categories":[6,2],"tags":[],"class_list":["post-462","post","type-post","status-publish","format-standard","has-post-thumbnail","hentry","category-antalya","category-bilim"],"_links":{"self":[{"href":"https:\/\/akdenizhaberajansi.com\/index.php\/wp-json\/wp\/v2\/posts\/462","targetHints":{"allow":["GET"]}}],"collection":[{"href":"https:\/\/akdenizhaberajansi.com\/index.php\/wp-json\/wp\/v2\/posts"}],"about":[{"href":"https:\/\/akdenizhaberajansi.com\/index.php\/wp-json\/wp\/v2\/types\/post"}],"author":[{"embeddable":true,"href":"https:\/\/akdenizhaberajansi.com\/index.php\/wp-json\/wp\/v2\/users\/2"}],"replies":[{"embeddable":true,"href":"https:\/\/akdenizhaberajansi.com\/index.php\/wp-json\/wp\/v2\/comments?post=462"}],"version-history":[{"count":0,"href":"https:\/\/akdenizhaberajansi.com\/index.php\/wp-json\/wp\/v2\/posts\/462\/revisions"}],"wp:featuredmedia":[{"embeddable":true,"href":"https:\/\/akdenizhaberajansi.com\/index.php\/wp-json\/wp\/v2\/media\/468"}],"wp:attachment":[{"href":"https:\/\/akdenizhaberajansi.com\/index.php\/wp-json\/wp\/v2\/media?parent=462"}],"wp:term":[{"taxonomy":"category","embeddable":true,"href":"https:\/\/akdenizhaberajansi.com\/index.php\/wp-json\/wp\/v2\/categories?post=462"},{"taxonomy":"post_tag","embeddable":true,"href":"https:\/\/akdenizhaberajansi.com\/index.php\/wp-json\/wp\/v2\/tags?post=462"}],"curies":[{"name":"wp","href":"https:\/\/api.w.org\/{rel}","templated":true}]}}