{"id":425,"date":"2022-02-22T14:41:27","date_gmt":"2022-02-22T11:41:27","guid":{"rendered":"http:\/\/trakyahabermerkezi.com\/?p=425"},"modified":"2022-02-22T14:41:27","modified_gmt":"2022-02-22T11:41:27","slug":"neymar-mlste-oynamaya-sicak-bakiyor","status":"publish","type":"post","link":"https:\/\/akdenizhaberajansi.com\/index.php\/2022\/02\/22\/neymar-mlste-oynamaya-sicak-bakiyor\/","title":{"rendered":"Neymar, MLS&#8217;te oynamaya s\u0131cak bak\u0131yor"},"content":{"rendered":"\n<p>2017&#8217;de rekor bedelle&nbsp;Paris Saint Germain&#8217;e transfer olan&nbsp;Neymar, kat\u0131ld\u0131\u011f\u0131 bir&nbsp;<em>Twitch<\/em>&nbsp;yay\u0131n\u0131nda gelece\u011fiyle ilgili a\u00e7\u0131klamalarda bulundu.<\/p>\n\n\n\n<p>Gelecekte&nbsp;MLS&#8217;te oynamaya s\u0131cak bakt\u0131\u011f\u0131n\u0131 belirten&nbsp;Neymar,&nbsp;<em><strong>&#8220;A\u00e7\u0131k\u00e7as\u0131 bilmiyorum. Bu konuyla ilgili baz\u0131 \u015f\u00fcphelerim var ama&nbsp;MLS&#8217;te oynamaya s\u0131cak bak\u0131yorum. Orada en az bir sezon oynama fikri g\u00fczel geliyor. Her \u015feyden \u00f6nce sezonlar\u0131 k\u0131sa ve \u00fc\u00e7 ay tatiliniz var. Bu \u015fekilde uzun y\u0131llar oynayabilirim.<\/strong><\/em><\/p>\n\n\n\n<p><em><strong>Arkada\u015flar\u0131mla \u015fakala\u015f\u0131rken 32 ya\u015f\u0131nda emekli olaca\u011f\u0131m\u0131 s\u00f6yl\u00fcyorum ancak bu bir \u015faka. D\u00fcr\u00fcst olmak gerekirse mental olarak iyi hissetti\u011fim s\u00fcrece oynamaya devam edece\u011fim.&nbsp;Paris Saint Germain&#8217;le s\u00f6zle\u015fmem bitti\u011finde 34 ya\u015f\u0131nda olaca\u011f\u0131m ve kontrat\u0131m\u0131n sonuna kadar kul\u00fcpte kalaca\u011f\u0131m.&#8221;&nbsp;<\/strong><\/em>dedi.<\/p>\n\n\n\n<p><a href=\"https:\/\/icdn.ensonhaber.com\/resimler\/diger\/kok\/2022\/02\/21\/neymar_1191.jpg\"><\/a><\/p>\n\n\n\n<figure class=\"wp-block-image\"><a href=\"https:\/\/icdn.ensonhaber.com\/resimler\/diger\/kok\/2022\/02\/21\/neymar_1191.jpg\"><img decoding=\"async\" src=\"https:\/\/icdn.ensonhaber.com\/resimler\/diger\/kok\/2022\/02\/21\/neymar_1191.jpg\" alt=\"Neymar, MLS te oynamaya s\u0131cak bak\u0131yor #1\"\/><\/a><\/figure>\n\n\n\n<h4 class=\"wp-block-heading\" id=\"psg-ile-tarih-yazmak-istiyoruz\">&#8220;PSG \u0130LE TAR\u0130H YAZMAK \u0130ST\u0130YORUZ&#8221;<\/h4>\n\n\n\n<p>\u015eampiyonlar Ligi son 16 turunda Real Madrid&#8217;e kar\u015f\u0131 oynanan ilk ma\u00e7\u0131&nbsp;Kylian Mbappe&#8217;nin att\u0131\u011f\u0131 golle 1-0 kazanan&nbsp;Paris Saint Germain&#8217;le daha b\u00fcy\u00fck hedeflere ula\u015fmak istedi\u011fini yineleyen y\u0131ld\u0131z oyuncu,&nbsp;<em><strong>&#8220;Paris Saint Germain&#8217;le tarih yazmak istiyoruz. Gelecekte neler olaca\u011f\u0131n\u0131 g\u00f6rece\u011fiz. \u0130yi \u00e7al\u0131\u015f\u0131yoruz ve tak\u0131m\u0131n biraz vites art\u0131rmas\u0131 gerekiyor.&nbsp;Real Madrid&#8217;i eleyip tarih yazmak istiyoruz.&#8221;<\/strong><\/em>&nbsp;ifadelerini kulland\u0131.<\/p>\n\n\n\n<p>Brezilya Milli Tak\u0131m\u0131&#8217;yla ilk ma\u00e7\u0131na&nbsp;10 A\u011fustos 2010&#8217;da \u00e7\u0131kan ve \u015fu ana dek&nbsp;116 ma\u00e7ta forma giyen 30 ya\u015f\u0131ndaki oyuncu&nbsp;70 gol ve 52 asist kaydetti.<\/p>\n","protected":false},"excerpt":{"rendered":"<p>2017&#8217;de rekor bedelle&nbsp;Paris Saint Germain&#8217;e transfer olan&nbsp;Neymar, kat\u0131ld\u0131\u011f\u0131 bir&nbsp;Twitch&nbsp;yay\u0131n\u0131nda gelece\u011fiyle ilgili a\u00e7\u0131klamalarda bulundu. Gelecekte&nbsp;MLS&#8217;te oynamaya&#8230;<\/p>\n","protected":false},"author":2,"featured_media":433,"comment_status":"open","ping_status":"open","sticky":false,"template":"","format":"standard","meta":{"footnotes":""},"categories":[6,5],"tags":[],"class_list":["post-425","post","type-post","status-publish","format-standard","has-post-thumbnail","hentry","category-antalya","category-spor"],"_links":{"self":[{"href":"https:\/\/akdenizhaberajansi.com\/index.php\/wp-json\/wp\/v2\/posts\/425","targetHints":{"allow":["GET"]}}],"collection":[{"href":"https:\/\/akdenizhaberajansi.com\/index.php\/wp-json\/wp\/v2\/posts"}],"about":[{"href":"https:\/\/akdenizhaberajansi.com\/index.php\/wp-json\/wp\/v2\/types\/post"}],"author":[{"embeddable":true,"href":"https:\/\/akdenizhaberajansi.com\/index.php\/wp-json\/wp\/v2\/users\/2"}],"replies":[{"embeddable":true,"href":"https:\/\/akdenizhaberajansi.com\/index.php\/wp-json\/wp\/v2\/comments?post=425"}],"version-history":[{"count":0,"href":"https:\/\/akdenizhaberajansi.com\/index.php\/wp-json\/wp\/v2\/posts\/425\/revisions"}],"wp:featuredmedia":[{"embeddable":true,"href":"https:\/\/akdenizhaberajansi.com\/index.php\/wp-json\/wp\/v2\/media\/433"}],"wp:attachment":[{"href":"https:\/\/akdenizhaberajansi.com\/index.php\/wp-json\/wp\/v2\/media?parent=425"}],"wp:term":[{"taxonomy":"category","embeddable":true,"href":"https:\/\/akdenizhaberajansi.com\/index.php\/wp-json\/wp\/v2\/categories?post=425"},{"taxonomy":"post_tag","embeddable":true,"href":"https:\/\/akdenizhaberajansi.com\/index.php\/wp-json\/wp\/v2\/tags?post=425"}],"curies":[{"name":"wp","href":"https:\/\/api.w.org\/{rel}","templated":true}]}}