{"id":401,"date":"2022-02-19T08:39:59","date_gmt":"2022-02-19T05:39:59","guid":{"rendered":"http:\/\/trakyahabermerkezi.com\/?p=401"},"modified":"2022-02-19T08:39:59","modified_gmt":"2022-02-19T05:39:59","slug":"fenerbahce-sakat-futbolculari-hakkinda-aciklama-yapti","status":"publish","type":"post","link":"https:\/\/akdenizhaberajansi.com\/index.php\/2022\/02\/19\/fenerbahce-sakat-futbolculari-hakkinda-aciklama-yapti\/","title":{"rendered":"Fenerbah\u00e7e, sakat futbolcular\u0131 hakk\u0131nda a\u00e7\u0131klama yapt\u0131"},"content":{"rendered":"\n<p>Fenerbah\u00e7e&#8217;de sakatl\u0131klar\u0131 bulunan oyuncular\u0131n son durumuyla ilgili a\u00e7\u0131klama yap\u0131ld\u0131. Sar\u0131-lacivertliler, tak\u0131mdaki sakat olan 5 futbolcunun son durumu hakk\u0131nda bilgilendirme duyurusu yapt\u0131.<\/p>\n\n\n\n<p>Yap\u0131lan a\u00e7\u0131klamada \u015fu ifadelere yer verildi:<\/p>\n\n\n\n<p><em><strong>Profesyonel Futbol Tak\u0131m\u0131m\u0131zdaki g\u00fcncel sa\u011fl\u0131k durumlar\u0131 ile ilgili genel bilgilendirme \u015fu \u015fekildedir;<\/strong><\/em><\/p>\n\n\n\n<p><em><strong>Luiz Gustavo: Arka \u00fcst adale tendon bile\u015fkesinde y\u0131rt\u0131k nedeniyle bireysel saha ve fitness \u00e7al\u0131\u015fmalar\u0131n\u0131 s\u00fcrd\u00fcr\u00fcyor.<\/strong><\/em><\/p>\n\n\n\n<p><em><strong>Filip Novak: Arka \u00fcst adale tendon yap\u0131\u015fma yerinde y\u0131rt\u0131k edeniyle bireysel saha ve fitness \u00e7al\u0131\u015fmalar\u0131na devam ediyor.<\/strong><\/em><\/p>\n\n\n\n<p><em><strong><a href=\"https:\/\/icdn.ensonhaber.com\/resimler\/diger\/kok\/2022\/02\/18\/fenerbahce-sakatlik_4910.jpeg\"><\/a><\/strong><\/em><\/p>\n\n\n\n<figure class=\"wp-block-image\"><a href=\"https:\/\/icdn.ensonhaber.com\/resimler\/diger\/kok\/2022\/02\/18\/fenerbahce-sakatlik_4910.jpeg\"><img decoding=\"async\" src=\"https:\/\/icdn.ensonhaber.com\/resimler\/diger\/kok\/2022\/02\/18\/fenerbahce-sakatlik_4910.jpeg\" alt=\"Fenerbah\u00e7e, sakat futbolcular\u0131 hakk\u0131nda a\u00e7\u0131klama yapt\u0131 #1\"\/><\/a><\/figure>\n\n\n\n<p><em><strong><\/strong><\/em><em><strong><\/strong><\/em><\/p>\n\n\n\n<h4 class=\"wp-block-heading\" id=\"mesut-ozil-fitness-calismalarini-surduruyor\">MESUT \u00d6Z\u0130L FITNESS \u00c7ALI\u015eMALARINI S\u00dcRD\u00dcR\u00dcYOR<\/h4>\n\n\n\n<p><em><strong>Mesut \u00d6zil: Bel a\u011fr\u0131s\u0131 \u015fikayeti nedeniyle tedavisine devam ederken, saha ve fitness \u00e7al\u0131\u015fmalar\u0131n\u0131 da s\u00fcrd\u00fcr\u00fcyor.<\/strong><\/em><\/p>\n\n\n\n<p><em><strong>\u0130rfan Can Kahveci: Omuz K\u0131r\u0131\u011f\u0131 tedavisinde saha ve fitness \u00e7al\u0131\u015fmalar\u0131 ile devam ediliyor.<\/strong><\/em><\/p>\n\n\n\n<p><em><strong>Min Jae Kim: Arka adale sertle\u015fmesi nedeniyle tedavi ediliyor.<\/strong><\/em><\/p>\n","protected":false},"excerpt":{"rendered":"<p>Fenerbah\u00e7e&#8217;de sakatl\u0131klar\u0131 bulunan oyuncular\u0131n son durumuyla ilgili a\u00e7\u0131klama yap\u0131ld\u0131. Sar\u0131-lacivertliler, tak\u0131mdaki sakat olan 5 futbolcunun&#8230;<\/p>\n","protected":false},"author":2,"featured_media":408,"comment_status":"open","ping_status":"open","sticky":false,"template":"","format":"standard","meta":{"footnotes":""},"categories":[6,5],"tags":[],"class_list":["post-401","post","type-post","status-publish","format-standard","has-post-thumbnail","hentry","category-antalya","category-spor"],"_links":{"self":[{"href":"https:\/\/akdenizhaberajansi.com\/index.php\/wp-json\/wp\/v2\/posts\/401","targetHints":{"allow":["GET"]}}],"collection":[{"href":"https:\/\/akdenizhaberajansi.com\/index.php\/wp-json\/wp\/v2\/posts"}],"about":[{"href":"https:\/\/akdenizhaberajansi.com\/index.php\/wp-json\/wp\/v2\/types\/post"}],"author":[{"embeddable":true,"href":"https:\/\/akdenizhaberajansi.com\/index.php\/wp-json\/wp\/v2\/users\/2"}],"replies":[{"embeddable":true,"href":"https:\/\/akdenizhaberajansi.com\/index.php\/wp-json\/wp\/v2\/comments?post=401"}],"version-history":[{"count":0,"href":"https:\/\/akdenizhaberajansi.com\/index.php\/wp-json\/wp\/v2\/posts\/401\/revisions"}],"wp:featuredmedia":[{"embeddable":true,"href":"https:\/\/akdenizhaberajansi.com\/index.php\/wp-json\/wp\/v2\/media\/408"}],"wp:attachment":[{"href":"https:\/\/akdenizhaberajansi.com\/index.php\/wp-json\/wp\/v2\/media?parent=401"}],"wp:term":[{"taxonomy":"category","embeddable":true,"href":"https:\/\/akdenizhaberajansi.com\/index.php\/wp-json\/wp\/v2\/categories?post=401"},{"taxonomy":"post_tag","embeddable":true,"href":"https:\/\/akdenizhaberajansi.com\/index.php\/wp-json\/wp\/v2\/tags?post=401"}],"curies":[{"name":"wp","href":"https:\/\/api.w.org\/{rel}","templated":true}]}}