{"id":376,"date":"2022-02-16T02:04:37","date_gmt":"2022-02-15T23:04:37","guid":{"rendered":"http:\/\/trakyahabermerkezi.com\/?p=376"},"modified":"2022-02-16T02:04:37","modified_gmt":"2022-02-15T23:04:37","slug":"slavia-prag-teknik-direktorsuz-istanbulda","status":"publish","type":"post","link":"https:\/\/akdenizhaberajansi.com\/index.php\/2022\/02\/16\/slavia-prag-teknik-direktorsuz-istanbulda\/","title":{"rendered":"Slavia Prag, teknik direkt\u00f6rs\u00fcz \u0130stanbul&#8217;da"},"content":{"rendered":"\n<p>Per\u015fembe ak\u015fam\u0131 temsilcimiz Fenerbah\u00e7e ile \u0130stanbul&#8217;da UEFA Avrupa Konferans Ligi playoff turu ilk ma\u00e7\u0131na \u00e7\u0131kacak olan Slavia Prag, kafilesini a\u00e7\u0131klad\u0131.<\/p>\n\n\n\n<p>Prag Vaclac Havel Havaliman\u0131&#8217;ndan \u0130stanbul&#8217;a gelen Slavia Prag&#8217;ta teknik direkt\u00f6r Jindrich Trpisovsky ile y\u0131ld\u0131z futbolcu Lukas Masopust&#8217;un sa\u011fl\u0131k problemleri nedeniyle kafilede yer almad\u0131\u011f\u0131n\u0131 a\u00e7\u0131klad\u0131.<\/p>\n\n\n\n<p><a href=\"https:\/\/icdn.ensonhaber.com\/resimler\/diger\/kok\/2022\/02\/15\/dffggf_2621.jpg\"><\/a><\/p>\n\n\n\n<figure class=\"wp-block-image\"><a href=\"https:\/\/icdn.ensonhaber.com\/resimler\/diger\/kok\/2022\/02\/15\/dffggf_2621.jpg\"><img decoding=\"async\" src=\"https:\/\/icdn.ensonhaber.com\/resimler\/diger\/kok\/2022\/02\/15\/dffggf_2621.jpg\" alt=\"Slavia Prag, teknik direkt\u00f6rs\u00fcz \u0130stanbul da #1\"\/><\/a><\/figure>\n\n\n\n<h4 class=\"wp-block-heading\" id=\"komuta-yardimci-antrenorde\">KOMUTA YARDIMCI ANTREN\u00d6RDE<\/h4>\n\n\n\n<p>Fenerbah\u00e7e ile oynanacak ma\u00e7ta Slavia Prag&#8217;\u0131n teknik sorumluluk g\u00f6revini, yard\u0131mc\u0131 antren\u00f6r Zdenek Houstecky&#8217;nin \u00fcstlenece\u011fi kaydedildi.<\/p>\n\n\n\n<p>Sar\u0131-lacivertliler ile Slavia Prag, per\u015fembe ak\u015fam\u0131 20.45&#8217;te Kad\u0131k\u00f6y&#8217;de kar\u015f\u0131 kar\u015f\u0131ya gelecek.<\/p>\n","protected":false},"excerpt":{"rendered":"<p>Per\u015fembe ak\u015fam\u0131 temsilcimiz Fenerbah\u00e7e ile \u0130stanbul&#8217;da UEFA Avrupa Konferans Ligi playoff turu ilk ma\u00e7\u0131na \u00e7\u0131kacak&#8230;<\/p>\n","protected":false},"author":2,"featured_media":383,"comment_status":"open","ping_status":"open","sticky":false,"template":"","format":"standard","meta":{"footnotes":""},"categories":[6,5],"tags":[],"class_list":["post-376","post","type-post","status-publish","format-standard","has-post-thumbnail","hentry","category-antalya","category-spor"],"_links":{"self":[{"href":"https:\/\/akdenizhaberajansi.com\/index.php\/wp-json\/wp\/v2\/posts\/376","targetHints":{"allow":["GET"]}}],"collection":[{"href":"https:\/\/akdenizhaberajansi.com\/index.php\/wp-json\/wp\/v2\/posts"}],"about":[{"href":"https:\/\/akdenizhaberajansi.com\/index.php\/wp-json\/wp\/v2\/types\/post"}],"author":[{"embeddable":true,"href":"https:\/\/akdenizhaberajansi.com\/index.php\/wp-json\/wp\/v2\/users\/2"}],"replies":[{"embeddable":true,"href":"https:\/\/akdenizhaberajansi.com\/index.php\/wp-json\/wp\/v2\/comments?post=376"}],"version-history":[{"count":0,"href":"https:\/\/akdenizhaberajansi.com\/index.php\/wp-json\/wp\/v2\/posts\/376\/revisions"}],"wp:featuredmedia":[{"embeddable":true,"href":"https:\/\/akdenizhaberajansi.com\/index.php\/wp-json\/wp\/v2\/media\/383"}],"wp:attachment":[{"href":"https:\/\/akdenizhaberajansi.com\/index.php\/wp-json\/wp\/v2\/media?parent=376"}],"wp:term":[{"taxonomy":"category","embeddable":true,"href":"https:\/\/akdenizhaberajansi.com\/index.php\/wp-json\/wp\/v2\/categories?post=376"},{"taxonomy":"post_tag","embeddable":true,"href":"https:\/\/akdenizhaberajansi.com\/index.php\/wp-json\/wp\/v2\/tags?post=376"}],"curies":[{"name":"wp","href":"https:\/\/api.w.org\/{rel}","templated":true}]}}