{"id":351,"date":"2022-02-13T00:58:05","date_gmt":"2022-02-12T21:58:05","guid":{"rendered":"http:\/\/trakyahabermerkezi.com\/?p=351"},"modified":"2022-02-13T00:58:05","modified_gmt":"2022-02-12T21:58:05","slug":"abd-afganistanin-dondurulan-7-milyar-dolari-icin-kararini-verdi","status":"publish","type":"post","link":"https:\/\/akdenizhaberajansi.com\/index.php\/2022\/02\/13\/abd-afganistanin-dondurulan-7-milyar-dolari-icin-kararini-verdi\/","title":{"rendered":"ABD, Afganistan&#8217;\u0131n dondurulan 7 milyar dolar\u0131 i\u00e7in karar\u0131n\u0131 verdi"},"content":{"rendered":"\n<p>ABD Kongresinde ABD Ba\u015fkan\u0131 Joe Biden&#8217;a y\u00f6nelik Afganistan Merkez Bankas\u0131&#8217;n\u0131n dondurulan 7 milyar dolar\u0131n&nbsp;Afgan halk\u0131 ve 11 Eyl\u00fcl kurbanlar\u0131 i\u00e7in kullan\u0131lmas\u0131 y\u00f6n\u00fcnde son d\u00f6nemde artan bask\u0131lar kamuoyuna yans\u0131m\u0131\u015ft\u0131.<\/p>\n\n\n\n<p>Beyaz Saray&#8217;dan yap\u0131lan a\u00e7\u0131klamaya g\u00f6re ABD Ba\u015fkan\u0131 Joe Biden, Kabil&#8217;in ABD&#8217;de dondurulan 7 milyar dolar\u0131n\u0131n ne \u015fekilde kullan\u0131laca\u011f\u0131na ili\u015fkin bir ba\u015fkanl\u0131k kararnamesine imza att\u0131.<\/p>\n\n\n\n<h4 class=\"wp-block-heading\" id=\"3-5-milyar-dolar-afgan-halkina\">3,5 M\u0130LYAR DOLAR AFGAN HALKINA<\/h4>\n\n\n\n<p>Biden, imzalad\u0131\u011f\u0131 kararnameyle&nbsp;Afganistan Merkez Bankas\u0131&#8217;n\u0131n dondurulmu\u015f 7 milyar dolar\u0131n\u0131n tamam\u0131n\u0131n kullan\u0131ma a\u00e7\u0131lmas\u0131n\u0131 ve bu paran\u0131n 3,5 milyar dolarl\u0131k k\u0131sm\u0131n\u0131n insani yard\u0131m temelinde do\u011frudan Afgan halk\u0131na aktar\u0131lmas\u0131na karar verdi.<\/p>\n\n\n\n<h4 class=\"wp-block-heading\" id=\"insani-yardimlar-afgan-halkina\">\u0130NSAN\u0130 YARDIMLAR AFGAN HALKINA<\/h4>\n\n\n\n<p>ABD daha \u00f6nceki a\u00e7\u0131klamalar\u0131nda insani yard\u0131mlar\u0131n Taliban \u00fczerinden de\u011fil Afgan halk\u0131na do\u011frudan ula\u015ft\u0131r\u0131laca\u011f\u0131n\u0131 a\u00e7\u0131klam\u0131\u015ft\u0131.<\/p>\n\n\n\n<p>Biden, kalan 3,5 milyar dolar\u0131n ise 11 Eyl\u00fcl kurbanlar\u0131n\u0131n halen devam eden hukuki s\u00fcre\u00e7leri ve tazminat talepleri i\u00e7in ayr\u0131lmas\u0131 y\u00f6n\u00fcnde ad\u0131m att\u0131.<\/p>\n\n\n\n<p><a href=\"https:\/\/icdn.ensonhaber.com\/resimler\/diger\/kok\/2022\/02\/12\/afganistan_2865.jpeg\"><\/a><\/p>\n\n\n\n<figure class=\"wp-block-image\"><a href=\"https:\/\/icdn.ensonhaber.com\/resimler\/diger\/kok\/2022\/02\/12\/afganistan_2865.jpeg\"><img decoding=\"async\" src=\"https:\/\/icdn.ensonhaber.com\/resimler\/diger\/kok\/2022\/02\/12\/afganistan_2865.jpeg\" alt=\"Afganistan\"\/><\/a><\/figure>\n\n\n\n<h4 class=\"wp-block-heading\" id=\"11-eylul-kurbanlarina-3-5-milyar-dolar\">11 EYL\u00dcL KURBANLARINA 3,5 M\u0130LYAR DOLAR<\/h4>\n\n\n\n<p>11 Eyl\u00fcl kurbanlar\u0131n\u0131n Afganistan ve Taliban&#8217;a kar\u015f\u0131 a\u00e7t\u0131klar\u0131 davalara at\u0131f yapan Biden,&nbsp;ABD&#8217;de kalacak 3,5 milyar dolar\u0131n ise bu ki\u015filer i\u00e7in ayr\u0131lmas\u0131na karar verdi\u011fini ilan etti.<\/p>\n\n\n\n<p>ABD Ba\u015fkan\u0131 Biden, Afganistan&#8217;\u0131n dondurulan 7 milyar dolar\u0131n\u0131n yar\u0131s\u0131n\u0131n Afgan halk\u0131na insani yard\u0131m olarak aktar\u0131laca\u011f\u0131n\u0131, di\u011fer yar\u0131s\u0131n\u0131n ise 11 Eyl\u00fcl kurbanlar\u0131n\u0131n halen devam eden hukuki s\u00fcre\u00e7leri ve tazminatlar\u0131 i\u00e7in kullan\u0131laca\u011f\u0131n\u0131 a\u00e7\u0131klad\u0131.<\/p>\n","protected":false},"excerpt":{"rendered":"<p>ABD Kongresinde ABD Ba\u015fkan\u0131 Joe Biden&#8217;a y\u00f6nelik Afganistan Merkez Bankas\u0131&#8217;n\u0131n dondurulan 7 milyar dolar\u0131n&nbsp;Afgan halk\u0131&#8230;<\/p>\n","protected":false},"author":2,"featured_media":357,"comment_status":"open","ping_status":"open","sticky":false,"template":"","format":"standard","meta":{"footnotes":""},"categories":[6,2],"tags":[],"class_list":["post-351","post","type-post","status-publish","format-standard","has-post-thumbnail","hentry","category-antalya","category-bilim"],"_links":{"self":[{"href":"https:\/\/akdenizhaberajansi.com\/index.php\/wp-json\/wp\/v2\/posts\/351","targetHints":{"allow":["GET"]}}],"collection":[{"href":"https:\/\/akdenizhaberajansi.com\/index.php\/wp-json\/wp\/v2\/posts"}],"about":[{"href":"https:\/\/akdenizhaberajansi.com\/index.php\/wp-json\/wp\/v2\/types\/post"}],"author":[{"embeddable":true,"href":"https:\/\/akdenizhaberajansi.com\/index.php\/wp-json\/wp\/v2\/users\/2"}],"replies":[{"embeddable":true,"href":"https:\/\/akdenizhaberajansi.com\/index.php\/wp-json\/wp\/v2\/comments?post=351"}],"version-history":[{"count":0,"href":"https:\/\/akdenizhaberajansi.com\/index.php\/wp-json\/wp\/v2\/posts\/351\/revisions"}],"wp:featuredmedia":[{"embeddable":true,"href":"https:\/\/akdenizhaberajansi.com\/index.php\/wp-json\/wp\/v2\/media\/357"}],"wp:attachment":[{"href":"https:\/\/akdenizhaberajansi.com\/index.php\/wp-json\/wp\/v2\/media?parent=351"}],"wp:term":[{"taxonomy":"category","embeddable":true,"href":"https:\/\/akdenizhaberajansi.com\/index.php\/wp-json\/wp\/v2\/categories?post=351"},{"taxonomy":"post_tag","embeddable":true,"href":"https:\/\/akdenizhaberajansi.com\/index.php\/wp-json\/wp\/v2\/tags?post=351"}],"curies":[{"name":"wp","href":"https:\/\/api.w.org\/{rel}","templated":true}]}}