{"id":276,"date":"2022-02-09T00:12:16","date_gmt":"2022-02-08T21:12:16","guid":{"rendered":"http:\/\/trakyahabermerkezi.com\/?p=276"},"modified":"2022-02-09T00:12:16","modified_gmt":"2022-02-08T21:12:16","slug":"omicronun-ba-2-alt-varyanti-daha-bulasici-olabilir-uyarisi","status":"publish","type":"post","link":"https:\/\/akdenizhaberajansi.com\/index.php\/2022\/02\/09\/omicronun-ba-2-alt-varyanti-daha-bulasici-olabilir-uyarisi\/","title":{"rendered":"Omicron&#8217;un BA.2 alt varyant\u0131 daha bula\u015f\u0131c\u0131 olabilir uyar\u0131s\u0131"},"content":{"rendered":"\n<p>Koronavir\u00fcs salg\u0131n\u0131nda Omicron varyant\u0131n\u0131n salg\u0131n\u0131n sonunu getirmesi bekleniyor.<\/p>\n\n\n\n<p>Ancak, Japon bilim insanlar\u0131ndan pandemiye ili\u015fkin yeni bir uyar\u0131 geldi.<\/p>\n\n\n\n<h4 class=\"wp-block-heading\" id=\"daha-bulasici-olabilir\">DAHA BULA\u015eICI OLAB\u0130L\u0130R<\/h4>\n\n\n\n<p>Koronavir\u00fcs\u00fcn Omicron mutasyonunun alt varyantlar\u0131n\u0131 genetik a\u00e7\u0131dan inceleyen Japon bilim adamlar\u0131, BA.2 adl\u0131 mutasyonun daha bula\u015f\u0131c\u0131 olabilece\u011fi uyar\u0131s\u0131nda bulundu.<\/p>\n\n\n\n<p>Tokyo T\u0131p ve Di\u015f Hekimli\u011fi \u00dcniversitesi&#8217;nden Do\u00e7ent Takeuchi Hiroaki, Omicron mutasyonunun alt varyantlar\u0131na y\u00f6nelik ger\u00e7ekle\u015ftirilen genom analizinin sonu\u00e7lar\u0131n\u0131 a\u00e7\u0131klad\u0131.<\/p>\n\n\n\n<h4 class=\"wp-block-heading\" id=\"30-dan-fazla-mutasyon\">30&#8217;DAN FAZLA MUTASYON<\/h4>\n\n\n\n<p>Omicron&#8217;un BA.1 varyant\u0131 ile kar\u015f\u0131la\u015ft\u0131r\u0131ld\u0131\u011f\u0131nda farkl\u0131 yerlerde dokuz mutasyona sahip olan BA.2 alt varyant\u0131n\u0131n daha bula\u015f\u0131c\u0131 olabilece\u011fini kaydeden Takeuchi, t\u0131pk\u0131 BA.1&#8217;de oldu\u011fu gibi, alt varyant\u0131n spike proteininde 30&#8217;dan fazla mutasyon bulundu\u011funu s\u00f6yledi.<\/p>\n\n\n\n<p><a href=\"https:\/\/icdn.ensonhaber.com\/resimler\/diger\/kok\/2022\/02\/08\/omicron_550.jpg\"><\/a><\/p>\n\n\n\n<figure class=\"wp-block-image\"><a href=\"https:\/\/icdn.ensonhaber.com\/resimler\/diger\/kok\/2022\/02\/08\/omicron_550.jpg\"><img decoding=\"async\" src=\"https:\/\/icdn.ensonhaber.com\/resimler\/diger\/kok\/2022\/02\/08\/omicron_550.jpg\" alt=\"Omicron un BA.2 alt varyant\u0131 daha bula\u015f\u0131c\u0131 olabilir uyar\u0131s\u0131 #1\"\/><\/a><\/figure>\n\n\n\n<h4 class=\"wp-block-heading\" id=\"japonya-da-yayilmaya-baslamis-olabilir\">JAPONYA&#8217;DA YAYILMAYA BA\u015eLAMI\u015e OLAB\u0130L\u0130R<\/h4>\n\n\n\n<p>S\u00f6z konusu fark\u0131n BA.2&#8217;yi BA.1&#8217;den daha bula\u015f\u0131c\u0131 hale getirdi\u011fini kaydeden Takeuchi, enfeksiyon yolunun takibinin zor olmas\u0131 nedeniyle BA.2 varyant\u0131n\u0131n Japonya\u2019da yay\u0131lmaya ba\u015flam\u0131\u015f olabilece\u011fi uyar\u0131s\u0131nda bulundu.<\/p>\n\n\n\n<p>Takeuchi, salg\u0131ndaki son dalgay\u0131 \u00f6nlemek i\u00e7in s\u00f6z konusu alt varyant\u0131n yay\u0131l\u0131m\u0131n\u0131 engellemenin \u00f6nemli oldu\u011funa de\u011findi.<\/p>\n\n\n\n<h4 class=\"wp-block-heading\" id=\"dso-nun-aciklamasi\">DS\u00d6&#8217;N\u00dcN A\u00c7IKLAMASI<\/h4>\n\n\n\n<p>D\u00fcnya Sa\u011fl\u0131k \u00d6rg\u00fct\u00fc&#8217;nden (DS\u00d6) ge\u00e7en hafta yap\u0131lan a\u00e7\u0131klamada, Omicron mutasyonunun BA.2 formunun orijinal BA.1 formundan daha \u015fiddetli g\u00f6r\u00fcnmedi\u011fi, a\u015f\u0131lar\u0131n Omicron&#8217;un farkl\u0131 bi\u00e7imlerine kar\u015f\u0131 benzer koruma sa\u011flamaya devam etti\u011fi duyurulmu\u015ftu.<\/p>\n\n\n\n<p>Buna ra\u011fmen, BA.2&#8217;nin k\u00fcresel olarak BA.1&#8217;in yerini alma potansiyeline sahip oldu\u011fu ifade edilmi\u015fti.<\/p>\n","protected":false},"excerpt":{"rendered":"<p>Koronavir\u00fcs salg\u0131n\u0131nda Omicron varyant\u0131n\u0131n salg\u0131n\u0131n sonunu getirmesi bekleniyor. Ancak, Japon bilim insanlar\u0131ndan pandemiye ili\u015fkin yeni&#8230;<\/p>\n","protected":false},"author":2,"featured_media":283,"comment_status":"open","ping_status":"open","sticky":false,"template":"","format":"standard","meta":{"footnotes":""},"categories":[6,4],"tags":[],"class_list":["post-276","post","type-post","status-publish","format-standard","has-post-thumbnail","hentry","category-antalya","category-saglik"],"_links":{"self":[{"href":"https:\/\/akdenizhaberajansi.com\/index.php\/wp-json\/wp\/v2\/posts\/276","targetHints":{"allow":["GET"]}}],"collection":[{"href":"https:\/\/akdenizhaberajansi.com\/index.php\/wp-json\/wp\/v2\/posts"}],"about":[{"href":"https:\/\/akdenizhaberajansi.com\/index.php\/wp-json\/wp\/v2\/types\/post"}],"author":[{"embeddable":true,"href":"https:\/\/akdenizhaberajansi.com\/index.php\/wp-json\/wp\/v2\/users\/2"}],"replies":[{"embeddable":true,"href":"https:\/\/akdenizhaberajansi.com\/index.php\/wp-json\/wp\/v2\/comments?post=276"}],"version-history":[{"count":0,"href":"https:\/\/akdenizhaberajansi.com\/index.php\/wp-json\/wp\/v2\/posts\/276\/revisions"}],"wp:featuredmedia":[{"embeddable":true,"href":"https:\/\/akdenizhaberajansi.com\/index.php\/wp-json\/"}],"wp:attachment":[{"href":"https:\/\/akdenizhaberajansi.com\/index.php\/wp-json\/wp\/v2\/media?parent=276"}],"wp:term":[{"taxonomy":"category","embeddable":true,"href":"https:\/\/akdenizhaberajansi.com\/index.php\/wp-json\/wp\/v2\/categories?post=276"},{"taxonomy":"post_tag","embeddable":true,"href":"https:\/\/akdenizhaberajansi.com\/index.php\/wp-json\/wp\/v2\/tags?post=276"}],"curies":[{"name":"wp","href":"https:\/\/api.w.org\/{rel}","templated":true}]}}