{"id":219,"date":"2022-02-03T19:22:39","date_gmt":"2022-02-03T16:22:39","guid":{"rendered":"http:\/\/trakyahabermerkezi.com\/?p=219"},"modified":"2022-02-03T19:22:39","modified_gmt":"2022-02-03T16:22:39","slug":"trakyada-asilama-calismalari-turkiye-ortalamasinin-uzerinde","status":"publish","type":"post","link":"https:\/\/akdenizhaberajansi.com\/index.php\/2022\/02\/03\/trakyada-asilama-calismalari-turkiye-ortalamasinin-uzerinde\/","title":{"rendered":"Trakya&#8217;da a\u015f\u0131lama \u00e7al\u0131\u015fmalar\u0131, T\u00fcrkiye ortalamas\u0131n\u0131n \u00fczerinde"},"content":{"rendered":"\n<p>Koronavir\u00fcs ile m\u00fccadele kapsam\u0131nda a\u015f\u0131lama \u00e7al\u0131\u015fmalar\u0131 aral\u0131ks\u0131z s\u00fcr\u00fcyor\u2026<\/p>\n\n\n\n<p>Sa\u011fl\u0131k Bakanl\u0131\u011f\u0131\u2019n\u0131n verilerine g\u00f6re,&nbsp;T\u00fcrkiye&#8217;de ilk doz a\u015f\u0131lama ortalamas\u0131 y\u00fczde 92,24, ikinci doz a\u015f\u0131 ortalamas\u0131 ise y\u00fczde 83,98 olarak kayda ge\u00e7ti.<\/p>\n\n\n\n<p>Buna g\u00f6re K\u0131rklareli, a\u015f\u0131lanma oran\u0131n\u0131n en y\u00fcksek oldu\u011fu iller aras\u0131nda y\u00fczde 86,1 ile be\u015finci s\u0131rada yer ald\u0131.<\/p>\n\n\n\n<p>A\u015f\u0131lanma oran\u0131nda Edirne y\u00fczde 84,0 ile, Tekirda\u011f ise 84,1 ile T\u00fcrkiye ortalamas\u0131n\u0131n \u00fczerindeki yerini korudu. Trakya&#8217;da, K\u0131rklareli E\u011fitim ve Ara\u015ft\u0131rma Hastanesi&#8217;nde de yo\u011funlu\u011fun artt\u0131\u011f\u0131 g\u00f6zlendi.<\/p>\n\n\n\n<p>K\u0131rklareli Sa\u011fl\u0131k M\u00fcd\u00fcr\u00fc \u00c7i\u011fdem Cerit, K\u0131rklareli E\u011fitim ve Ara\u015ft\u0131rma Hastanesi&#8217;nde a\u015f\u0131lama \u00e7al\u0131\u015fmalar\u0131n\u0131 inceledi. Sa\u011fl\u0131k personeli ile vatanda\u015flara te\u015fekk\u00fcr eden Cerit, a\u015f\u0131lama \u00e7al\u0131\u015fmalar\u0131n\u0131n \u00f6nemli oldu\u011funu s\u00f6yledi.<\/p>\n\n\n\n<h4 class=\"wp-block-heading\" id=\"vatandaslarimizin-duyarliligi-bizi-mutlu-ediyor\">\u201cVATANDA\u015eLARIMIZIN DUYARLILI\u011eI B\u0130Z\u0130 MUTLU ED\u0130YOR\u201d<\/h4>\n\n\n\n<p>Trakya&#8217;da a\u015f\u0131lama \u00e7al\u0131\u015fmalar\u0131n\u0131n en \u00fcst d\u00fczeyde oldu\u011funu anlatan Cerit,&nbsp;<em><strong>&#8220;Kovid-19 ile m\u00fccadelenin en \u00f6nemli ayaklar\u0131ndan biri a\u015f\u0131. B\u00fct\u00fcn te\u015fekk\u00fcrlerimiz \u00f6ncelikle K\u0131rklareli halk\u0131na. Vatanda\u015flar\u0131m\u0131z\u0131n duyarl\u0131l\u0131\u011f\u0131 bizleri mutlu ediyor.&#8221;<\/strong><\/em>&nbsp;diye konu\u015ftu.<\/p>\n\n\n\n<h4 class=\"wp-block-heading\" id=\"turkovac-asisiyla-buyuk-bir-basariya-imza-atildi\">\u201cTURKOVAC A\u015eISIYLA B\u00dcY\u00dcK B\u0130R BA\u015eARIYA \u0130MZA ATILDI\u201d<\/h4>\n\n\n\n<p>A\u015f\u0131, maske, mesafe ve hijyen gibi tedbirlere uyulmas\u0131 gerekti\u011fini anlatan Cerit, a\u00e7\u0131klamalar\u0131na \u015fu ifadeler ile devam etti:<\/p>\n\n\n\n<p><em><strong>&#8220;Salg\u0131nla m\u00fccadeleye devam edece\u011fiz. K\u0131rsal alanda da a\u015f\u0131 \u00e7al\u0131\u015fmalar\u0131m\u0131z devam ediyor. \u00dclkemizde Turkovac a\u015f\u0131s\u0131yla b\u00fcy\u00fck bir ba\u015far\u0131ya imza at\u0131ld\u0131. Yerli a\u015f\u0131m\u0131z da en k\u0131sa s\u00fcrede ilimizde olacak in\u015fallah. \u00dclkemizin kendi a\u015f\u0131s\u0131na sahip olmas\u0131 bizim i\u00e7in de b\u00fcy\u00fck bir gurur. B\u00fct\u00fcn vatanda\u015flar\u0131m\u0131z\u0131n teredd\u00fct etmede a\u015f\u0131s\u0131n\u0131 yapt\u0131rmas\u0131n\u0131 bekliyoruz.<\/strong><\/em><\/p>\n\n\n\n<p><em><strong><a href=\"https:\/\/icdn.ensonhaber.com\/resimler\/diger\/kok\/2022\/01\/17\/koronavirus_7240.jpg\"><\/a><\/strong><\/em><\/p>\n\n\n\n<figure class=\"wp-block-image\"><a href=\"https:\/\/icdn.ensonhaber.com\/resimler\/diger\/kok\/2022\/01\/17\/koronavirus_7240.jpg\"><img decoding=\"async\" src=\"https:\/\/icdn.ensonhaber.com\/resimler\/diger\/kok\/2022\/01\/17\/koronavirus_7240.jpg\" alt=\"Trakya da a\u015f\u0131lama \u00e7al\u0131\u015fmalar\u0131, T\u00fcrkiye ortalamas\u0131n\u0131n \u00fczerinde\t #1\"\/><\/a><\/figure>\n\n\n\n<p><em><strong><\/strong><\/em><em><strong><\/strong><\/em><\/p>\n\n\n\n<h4 class=\"wp-block-heading\" id=\"afaki-konusmuyoruz-bilime-dayali-konusuyoruz\">\u201cAFAK\u0130 KONU\u015eMUYORUZ, B\u0130L\u0130ME DAYALI KONU\u015eUYORUZ\u201d<\/h4>\n\n\n\n<p><em><strong>A\u015f\u0131s\u0131z ve tedbirlere uymayan vatanda\u015flar\u0131m\u0131z\u0131n hastaneye yat\u0131\u015fla<\/strong><\/em><\/p>\n","protected":false},"excerpt":{"rendered":"<p>Koronavir\u00fcs ile m\u00fccadele kapsam\u0131nda a\u015f\u0131lama \u00e7al\u0131\u015fmalar\u0131 aral\u0131ks\u0131z s\u00fcr\u00fcyor\u2026 Sa\u011fl\u0131k Bakanl\u0131\u011f\u0131\u2019n\u0131n verilerine g\u00f6re,&nbsp;T\u00fcrkiye&#8217;de ilk doz a\u015f\u0131lama&#8230;<\/p>\n","protected":false},"author":2,"featured_media":220,"comment_status":"open","ping_status":"open","sticky":false,"template":"","format":"standard","meta":{"footnotes":""},"categories":[6,4],"tags":[],"class_list":["post-219","post","type-post","status-publish","format-standard","has-post-thumbnail","hentry","category-antalya","category-saglik"],"_links":{"self":[{"href":"https:\/\/akdenizhaberajansi.com\/index.php\/wp-json\/wp\/v2\/posts\/219","targetHints":{"allow":["GET"]}}],"collection":[{"href":"https:\/\/akdenizhaberajansi.com\/index.php\/wp-json\/wp\/v2\/posts"}],"about":[{"href":"https:\/\/akdenizhaberajansi.com\/index.php\/wp-json\/wp\/v2\/types\/post"}],"author":[{"embeddable":true,"href":"https:\/\/akdenizhaberajansi.com\/index.php\/wp-json\/wp\/v2\/users\/2"}],"replies":[{"embeddable":true,"href":"https:\/\/akdenizhaberajansi.com\/index.php\/wp-json\/wp\/v2\/comments?post=219"}],"version-history":[{"count":0,"href":"https:\/\/akdenizhaberajansi.com\/index.php\/wp-json\/wp\/v2\/posts\/219\/revisions"}],"wp:featuredmedia":[{"embeddable":true,"href":"https:\/\/akdenizhaberajansi.com\/index.php\/wp-json\/"}],"wp:attachment":[{"href":"https:\/\/akdenizhaberajansi.com\/index.php\/wp-json\/wp\/v2\/media?parent=219"}],"wp:term":[{"taxonomy":"category","embeddable":true,"href":"https:\/\/akdenizhaberajansi.com\/index.php\/wp-json\/wp\/v2\/categories?post=219"},{"taxonomy":"post_tag","embeddable":true,"href":"https:\/\/akdenizhaberajansi.com\/index.php\/wp-json\/wp\/v2\/tags?post=219"}],"curies":[{"name":"wp","href":"https:\/\/api.w.org\/{rel}","templated":true}]}}