{"id":210,"date":"2022-02-03T19:21:54","date_gmt":"2022-02-03T16:21:54","guid":{"rendered":"http:\/\/trakyahabermerkezi.com\/?p=210"},"modified":"2022-02-03T19:21:54","modified_gmt":"2022-02-03T16:21:54","slug":"bati-trakya-turklerinin-milli-direnis-gunu-29-oca","status":"publish","type":"post","link":"https:\/\/akdenizhaberajansi.com\/index.php\/2022\/02\/03\/bati-trakya-turklerinin-milli-direnis-gunu-29-oca\/","title":{"rendered":"Bat\u0131 Trakya T\u00fcrklerinin Milli Direni\u015f G\u00fcn\u00fc: 29 Oca"},"content":{"rendered":"\n<p>4 Kas\u0131m 1987&#8217;de Yunan yarg\u0131s\u0131,&nbsp;<em><strong>&#8220;Bat\u0131 Trakya&#8217;da T\u00fcrk yoktur.&#8221;<\/strong><\/em>&nbsp;diyerek T\u00fcrk kelimesinin, iki toplum aras\u0131nda d\u00fc\u015fmanl\u0131k \u00e7a\u011fr\u0131\u015ft\u0131rd\u0131\u011f\u0131 y\u00f6n\u00fcnde skandal ifadeler kulland\u0131.<\/p>\n\n\n\n<h4 class=\"wp-block-heading\" id=\"alinan-karari-2-ay-sonra-ogrendiler\">ALINAN KARARI 2 AY SONRA \u00d6\u011eREND\u0130LER<\/h4>\n\n\n\n<p>Bat\u0131 Trakya T\u00fcrk \u00d6\u011fretmenler ve G\u00fcm\u00fclcine T\u00fcrk Gen\u00e7ler Birliklerinin kapat\u0131lmas\u0131na karar verdi. Bat\u0131 Trakya T\u00fcrkleri ise sessiz sedas\u0131z al\u0131nan karar\u0131, ancak 2 ay sonra \u00f6\u011frendi.<\/p>\n\n\n\n<p><a href=\"https:\/\/videonuz.ensonhaber.com\/izle\/bati-trakya-turklerinin-milli-direnis-gunu-29-ocak\" target=\"_blank\" rel=\"noreferrer noopener\">Bat\u0131 Trakya T\u00fcrklerinin Milli Direni\u015f G\u00fcn\u00fc: 29 Ocak &#8211; V\u0130DEO HABER<\/a><\/p>\n\n\n\n<p><a href=\"https:\/\/videonuz.ensonhaber.com\/player\/229227?w=620&amp;h=360\">https:\/\/videonuz.ensonhaber.com\/player\/229227?w=620&amp;h=360<\/a><\/p>\n\n\n\n<h4 class=\"wp-block-heading\" id=\"yunan-hukumeti-direnisi-engelleyemedi\">YUNAN H\u00dcK\u00dcMET\u0130 D\u0130REN\u0130\u015e\u0130 ENGELLEYEMED\u0130<\/h4>\n\n\n\n<p>Y\u0131llard\u0131r devam eden bask\u0131, y\u0131ld\u0131rma ve asimilasyon politikalar\u0131 \u00fczerine ya\u015fanan geli\u015fme, direni\u015fin fitilini ate\u015fledi.<\/p>\n\n\n\n<p>29 Ocak 1988&#8217;de, Yunanistan&#8217;daki T\u00fcrkler, protesto y\u00fcr\u00fcy\u00fc\u015f\u00fc i\u00e7in topland\u0131.<br>Yunan makamlar y\u00fcr\u00fcy\u00fc\u015f\u00fc engellemeye \u00e7al\u0131\u015ft\u0131, G\u00fcm\u00fclcine&#8217;nin giri\u015fine barikatlar kurdu, camileri ibadete kapatt\u0131. Ancak bu, binlerce T\u00fcrk&#8217;\u00fcn ilerleyi\u015fine engel olamad\u0131.<\/p>\n\n\n\n<p><a href=\"https:\/\/icdn.ensonhaber.com\/resimler\/diger\/kok\/2022\/01\/30\/bati-trakya-turkleri_3401.jpg\"><\/a><\/p>\n\n\n\n<figure class=\"wp-block-image\"><a href=\"https:\/\/icdn.ensonhaber.com\/resimler\/diger\/kok\/2022\/01\/30\/bati-trakya-turkleri_3401.jpg\"><img decoding=\"async\" src=\"https:\/\/icdn.ensonhaber.com\/resimler\/diger\/kok\/2022\/01\/30\/bati-trakya-turkleri_3401.jpg\" alt=\"Bat\u0131 Trakya T\u00fcrklerinin Milli Direni\u015f G\u00fcn\u00fc: 29 Ocak #1\"\/><\/a><\/figure>\n\n\n\n<h4 class=\"wp-block-heading\" id=\"en-uzak-koylerden-gumulcine-ye-geldiler\">&#8220;EN UZAK K\u00d6YLERDEN G\u00dcM\u00dcLC\u0130NE&#8217;YE GELD\u0130LER&#8221;<\/h4>\n\n\n\n<p>Trakya \u00dcniversitesi&#8217;nden Do\u00e7. Dr. Ali H\u00fcseyino\u011flu,<em><strong>&nbsp;&#8220;10 binden fazla Bat\u0131 Trakya T\u00fcrk&#8217;\u00fc, Bat\u0131 Trakya&#8217;n\u0131n en \u00fccra k\u00f6ylerinden, G\u00fcm\u00fclcine&#8217;ye en uzak noktalardan 20 kilometre, 30 kilometre kat ederek ak\u0131n ak\u0131n G\u00fcm\u00fclcine&#8217;ye geldi.&#8221;<\/strong><\/em>&nbsp;dedi.<\/p>\n","protected":false},"excerpt":{"rendered":"<p>4 Kas\u0131m 1987&#8217;de Yunan yarg\u0131s\u0131,&nbsp;&#8220;Bat\u0131 Trakya&#8217;da T\u00fcrk yoktur.&#8221;&nbsp;diyerek T\u00fcrk kelimesinin, iki toplum aras\u0131nda d\u00fc\u015fmanl\u0131k \u00e7a\u011fr\u0131\u015ft\u0131rd\u0131\u011f\u0131&#8230;<\/p>\n","protected":false},"author":2,"featured_media":217,"comment_status":"open","ping_status":"open","sticky":false,"template":"","format":"standard","meta":{"footnotes":""},"categories":[6,1],"tags":[],"class_list":["post-210","post","type-post","status-publish","format-standard","has-post-thumbnail","hentry","category-antalya","category-genel"],"_links":{"self":[{"href":"https:\/\/akdenizhaberajansi.com\/index.php\/wp-json\/wp\/v2\/posts\/210","targetHints":{"allow":["GET"]}}],"collection":[{"href":"https:\/\/akdenizhaberajansi.com\/index.php\/wp-json\/wp\/v2\/posts"}],"about":[{"href":"https:\/\/akdenizhaberajansi.com\/index.php\/wp-json\/wp\/v2\/types\/post"}],"author":[{"embeddable":true,"href":"https:\/\/akdenizhaberajansi.com\/index.php\/wp-json\/wp\/v2\/users\/2"}],"replies":[{"embeddable":true,"href":"https:\/\/akdenizhaberajansi.com\/index.php\/wp-json\/wp\/v2\/comments?post=210"}],"version-history":[{"count":0,"href":"https:\/\/akdenizhaberajansi.com\/index.php\/wp-json\/wp\/v2\/posts\/210\/revisions"}],"wp:featuredmedia":[{"embeddable":true,"href":"https:\/\/akdenizhaberajansi.com\/index.php\/wp-json\/"}],"wp:attachment":[{"href":"https:\/\/akdenizhaberajansi.com\/index.php\/wp-json\/wp\/v2\/media?parent=210"}],"wp:term":[{"taxonomy":"category","embeddable":true,"href":"https:\/\/akdenizhaberajansi.com\/index.php\/wp-json\/wp\/v2\/categories?post=210"},{"taxonomy":"post_tag","embeddable":true,"href":"https:\/\/akdenizhaberajansi.com\/index.php\/wp-json\/wp\/v2\/tags?post=210"}],"curies":[{"name":"wp","href":"https:\/\/api.w.org\/{rel}","templated":true}]}}