{"id":209,"date":"2022-02-03T19:21:02","date_gmt":"2022-02-03T16:21:02","guid":{"rendered":"http:\/\/trakyahabermerkezi.com\/?p=209"},"modified":"2022-02-03T19:21:02","modified_gmt":"2022-02-03T16:21:02","slug":"trakya-yer-alti-ve-yer-ustu-suyunda-kuraklik-yasiyor","status":"publish","type":"post","link":"https:\/\/akdenizhaberajansi.com\/index.php\/2022\/02\/03\/trakya-yer-alti-ve-yer-ustu-suyunda-kuraklik-yasiyor\/","title":{"rendered":"Trakya, yer alt\u0131 ve yer \u00fcst\u00fc suyunda kurakl\u0131k ya\u015f\u0131yor"},"content":{"rendered":"\n<p>Nam\u0131k Kemal \u00dcniversitesi (NK\u00dc) Ziraat Fak\u00fcltesi Biyosistem M\u00fchendisli\u011fi Arazi ve Su Kaynaklar\u0131 Anabilim Dal\u0131 \u00d6\u011fretim \u00dcyesi Prof. Dr. Halim Orta, ge\u00e7en hafta \u0130stanbul&#8217;un son 50 y\u0131ld\u0131r ilk kez iyi d\u00fczeyde kar ya\u011f\u0131\u015f\u0131 ald\u0131\u011f\u0131n\u0131 belirterek, bu durumun yer alt\u0131 ve yer \u00fcst\u00fc sular\u0131na da \u00f6nemli \u00f6l\u00e7\u00fcde katk\u0131 sa\u011flayaca\u011f\u0131n\u0131 s\u00f6yledi.<\/p>\n\n\n\n<p>\u0130stanbul&#8217;daki barajlar\u0131n doluluk oranlar\u0131n\u0131n y\u00fczde 55&#8217;ler civar\u0131nda oldu\u011funu belirten Orta,&nbsp;<em><strong>&#8220;Ge\u00e7mi\u015f y\u0131llara bakt\u0131\u011f\u0131m\u0131zda bu tarihte yani daha \u00f6nceki y\u0131llarda bu barajlar\u0131n y\u00fczde 70-80 d\u00fczeyinde dolu oldu\u011funu da g\u00f6rm\u00fc\u015ft\u00fck, 30&#8217;lara d\u00fc\u015ft\u00fc\u011f\u00fc de vakidir. Bu vesileyle \u0130stanbul&#8217;da bu son ya\u011f\u0131\u015flar\u0131n o b\u00f6lgedeki s\u0131k\u0131nt\u0131y\u0131 \u00f6nemli d\u00fczeyde azaltaca\u011f\u0131n\u0131 d\u00fc\u015f\u00fcn\u00fcyorum.&#8221;<\/strong><\/em>&nbsp;dedi.<\/p>\n\n\n\n<h4 class=\"wp-block-heading\" id=\"ciddi-bir-isinma-yasiyoruz\">\u201cC\u0130DD\u0130 B\u0130R ISINMA YA\u015eIYORUZ\u201d<\/h4>\n\n\n\n<p>\u0130stanbul&#8217;a oranla Trakya&#8217;da durumun \u00e7ok farkl\u0131 oldu\u011funu dile getiren Prof. Dr. Orta, a\u00e7\u0131klamalar\u0131n\u0131 \u015fu ifadelerle s\u00fcrd\u00fcrd\u00fc:<\/p>\n\n\n\n<p><em><strong>\u201cTrakya&#8217;n\u0131n ortas\u0131nda kalan ki, Orta Trakya diyebilece\u011fimiz, bizim y\u0131llardan beri b\u00fct\u00fcn idarecileri uyarmaya \u00e7al\u0131\u015ft\u0131\u011f\u0131m\u0131z, tehlikeli d\u00f6rtgen diye bahsetti\u011fimiz \u00c7erkezk\u00f6y, \u00c7orlu, L\u00fcleburgaz, Muratl\u0131 d\u00f6rtgeni ciddi bir kurakl\u0131k ya\u015f\u0131yor. Ben bunu buraya y\u00fcklenen sanayiye ba\u011fl\u0131yorum ve ciddi bir \u0131s\u0131nma ya\u015f\u0131yoruz bu b\u00f6lgede. Yani bu b\u00f6lgedeki s\u0131cakl\u0131klar ge\u00e7mi\u015f y\u0131llarla k\u0131yaslad\u0131\u011f\u0131m\u0131zda 1-1,5 santigrat derece daha y\u00fckseldi.<\/strong><\/em><\/p>\n\n\n\n<p><em><strong><a href=\"https:\/\/icdn.ensonhaber.com\/resimler\/diger\/kok\/2022\/02\/01\/trakya_5178.jpg\"><\/a><\/strong><\/em><\/p>\n\n\n\n<figure class=\"wp-block-image\"><a href=\"https:\/\/icdn.ensonhaber.com\/resimler\/diger\/kok\/2022\/02\/01\/trakya_5178.jpg\"><img decoding=\"async\" src=\"https:\/\/icdn.ensonhaber.com\/resimler\/diger\/kok\/2022\/02\/01\/trakya_5178.jpg\" alt=\"Trakya, yer alt\u0131 ve yer \u00fcst\u00fc suyunda kurakl\u0131k ya\u015f\u0131yor #1\"\/><\/a><\/figure>\n\n\n\n<p><em><strong><\/strong><\/em><em><strong><\/strong><\/em><\/p>\n\n\n\n<h4 class=\"wp-block-heading\" id=\"yeterli-beslenme-yok\">\u201cYETERL\u0130 BESLENME YOK\u201d<\/h4>\n\n\n\n<p><em><strong>Bu da ya\u011f\u0131\u015flar\u0131 etkiledi ve bizim an itibar\u0131yla bu b\u00f6lgede hem yer alt\u0131 sular\u0131m\u0131zda hem de yer \u00fcst\u00fc su kaynaklar\u0131m\u0131zda \u00f6nemli bir beslenm<\/strong><\/em><\/p>\n","protected":false},"excerpt":{"rendered":"<p>Nam\u0131k Kemal \u00dcniversitesi (NK\u00dc) Ziraat Fak\u00fcltesi Biyosistem M\u00fchendisli\u011fi Arazi ve Su Kaynaklar\u0131 Anabilim Dal\u0131 \u00d6\u011fretim&#8230;<\/p>\n","protected":false},"author":2,"featured_media":215,"comment_status":"open","ping_status":"open","sticky":false,"template":"","format":"standard","meta":{"footnotes":""},"categories":[6,3],"tags":[],"class_list":["post-209","post","type-post","status-publish","format-standard","has-post-thumbnail","hentry","category-antalya","category-ekonomi"],"_links":{"self":[{"href":"https:\/\/akdenizhaberajansi.com\/index.php\/wp-json\/wp\/v2\/posts\/209","targetHints":{"allow":["GET"]}}],"collection":[{"href":"https:\/\/akdenizhaberajansi.com\/index.php\/wp-json\/wp\/v2\/posts"}],"about":[{"href":"https:\/\/akdenizhaberajansi.com\/index.php\/wp-json\/wp\/v2\/types\/post"}],"author":[{"embeddable":true,"href":"https:\/\/akdenizhaberajansi.com\/index.php\/wp-json\/wp\/v2\/users\/2"}],"replies":[{"embeddable":true,"href":"https:\/\/akdenizhaberajansi.com\/index.php\/wp-json\/wp\/v2\/comments?post=209"}],"version-history":[{"count":0,"href":"https:\/\/akdenizhaberajansi.com\/index.php\/wp-json\/wp\/v2\/posts\/209\/revisions"}],"wp:featuredmedia":[{"embeddable":true,"href":"https:\/\/akdenizhaberajansi.com\/index.php\/wp-json\/"}],"wp:attachment":[{"href":"https:\/\/akdenizhaberajansi.com\/index.php\/wp-json\/wp\/v2\/media?parent=209"}],"wp:term":[{"taxonomy":"category","embeddable":true,"href":"https:\/\/akdenizhaberajansi.com\/index.php\/wp-json\/wp\/v2\/categories?post=209"},{"taxonomy":"post_tag","embeddable":true,"href":"https:\/\/akdenizhaberajansi.com\/index.php\/wp-json\/wp\/v2\/tags?post=209"}],"curies":[{"name":"wp","href":"https:\/\/api.w.org\/{rel}","templated":true}]}}