{"id":167,"date":"2022-01-30T21:45:41","date_gmt":"2022-01-30T18:45:41","guid":{"rendered":"https:\/\/egegazetesi.com\/?p=167"},"modified":"2022-01-30T21:45:41","modified_gmt":"2022-01-30T18:45:41","slug":"bucasporda-levent-eris-donemi","status":"publish","type":"post","link":"https:\/\/akdenizhaberajansi.com\/index.php\/2022\/01\/30\/bucasporda-levent-eris-donemi\/","title":{"rendered":"Bucaspor&#8217;da Levent Eri\u015f D\u00f6nemi"},"content":{"rendered":"<h2 class=\"nd-article__spot\">TFF 3&#8217;\u00fcnc\u00fc Lig 3&#8217;\u00fcnc\u00fc Grup&#8217;ta Serik Belediyespor deplasman\u0131ndan 3-1 yenik d\u00f6nd\u00fckten sonra teknik direkt\u00f6r Tolga Do\u011fantez&#8217;le yollar\u0131n\u0131 ay\u0131ran\u00a0<a class=\"inline-keyword from-content\" href=\"https:\/\/www.milliyet.com.tr\/haberleri\/bucaspor\" target=\"_blank\" rel=\"noopener\">Bucaspor<\/a>, deneyimli \u00e7al\u0131\u015ft\u0131r\u0131c\u0131\u00a0<a class=\"inline-keyword from-content\" href=\"https:\/\/www.milliyet.com.tr\/haberleri\/levent-eris\" target=\"_blank\" rel=\"noopener\">Levent Eri\u015f<\/a>&#8216;i tak\u0131m\u0131n ba\u015f\u0131na getirdi.<\/h2>\n<div class=\"breadcrumb__wrapper\">\n<div class=\"breadcrumb__flipboard\"><\/div>\n<\/div>\n<div class=\"nd-article__wrapper\">\n<div class=\"nd-article\">\n<div class=\"nd-article__content\">\n<div class=\" nd-content-column\">\n<p>Daha \u00f6nce\u00a0<a class=\"inline-keyword from-service\" href=\"https:\/\/www.milliyet.com.tr\/haberleri\/bucaspor\" target=\"_blank\" rel=\"noopener\">Bucaspor<\/a>&#8216;u 2014-2015 sezonunda 1&#8217;inci Lig&#8217;de, 2015-2016&#8217;da ise 2&#8217;nci Lig&#8217;de k\u0131sa bir s\u00fcre \u00e7al\u0131\u015ft\u0131ran\u00a0<a class=\"inline-keyword from-service\" href=\"https:\/\/www.milliyet.com.tr\/haberleri\/levent-eris\" target=\"_blank\" rel=\"noopener\">Levent Eri\u015f<\/a>&#8216;le sezon sonuna kadar s\u00f6zle\u015fme imzaland\u0131.<\/p>\n<div>\n<div class=\"nd-dfp-wrapper\"><\/div>\n<div><\/div>\n<\/div>\n<p>Eri\u015f, 2014-2015 sezonunda son 7 hafta g\u00f6rev yapt\u0131\u011f\u0131 sar\u0131-lacivertlilerle k\u00fcme d\u00fc\u015fme ac\u0131s\u0131 ya\u015fam\u0131\u015ft\u0131. \u0130zmir ekibiyle ilk idman\u0131na \u00e7\u0131kan Levent Eri\u015f, \u015fu an sonuncu s\u0131rada yer alan tak\u0131m\u0131n k\u00fcmede kalaca\u011f\u0131n\u0131 s\u00f6yledi. Levent Eri\u015f, amat\u00f6re d\u00fc\u015fme korkusu ya\u015fayan Bucaspor&#8217;un bu sezonki 4&#8217;\u00fcnc\u00fc teknik direkt\u00f6r\u00fc oldu.<\/p>\n<\/div>\n<\/div>\n<\/div>\n<\/div>\n","protected":false},"excerpt":{"rendered":"<p>TFF 3&#8217;\u00fcnc\u00fc Lig 3&#8217;\u00fcnc\u00fc Grup&#8217;ta Serik Belediyespor deplasman\u0131ndan 3-1 yenik d\u00f6nd\u00fckten sonra teknik direkt\u00f6r Tolga&#8230;<\/p>\n","protected":false},"author":2,"featured_media":168,"comment_status":"open","ping_status":"open","sticky":false,"template":"","format":"standard","meta":{"footnotes":""},"categories":[5],"tags":[8,9,10],"class_list":["post-167","post","type-post","status-publish","format-standard","has-post-thumbnail","hentry","category-spor","tag-ege","tag-haber","tag-izmir"],"_links":{"self":[{"href":"https:\/\/akdenizhaberajansi.com\/index.php\/wp-json\/wp\/v2\/posts\/167","targetHints":{"allow":["GET"]}}],"collection":[{"href":"https:\/\/akdenizhaberajansi.com\/index.php\/wp-json\/wp\/v2\/posts"}],"about":[{"href":"https:\/\/akdenizhaberajansi.com\/index.php\/wp-json\/wp\/v2\/types\/post"}],"author":[{"embeddable":true,"href":"https:\/\/akdenizhaberajansi.com\/index.php\/wp-json\/wp\/v2\/users\/2"}],"replies":[{"embeddable":true,"href":"https:\/\/akdenizhaberajansi.com\/index.php\/wp-json\/wp\/v2\/comments?post=167"}],"version-history":[{"count":0,"href":"https:\/\/akdenizhaberajansi.com\/index.php\/wp-json\/wp\/v2\/posts\/167\/revisions"}],"wp:featuredmedia":[{"embeddable":true,"href":"https:\/\/akdenizhaberajansi.com\/index.php\/wp-json\/"}],"wp:attachment":[{"href":"https:\/\/akdenizhaberajansi.com\/index.php\/wp-json\/wp\/v2\/media?parent=167"}],"wp:term":[{"taxonomy":"category","embeddable":true,"href":"https:\/\/akdenizhaberajansi.com\/index.php\/wp-json\/wp\/v2\/categories?post=167"},{"taxonomy":"post_tag","embeddable":true,"href":"https:\/\/akdenizhaberajansi.com\/index.php\/wp-json\/wp\/v2\/tags?post=167"}],"curies":[{"name":"wp","href":"https:\/\/api.w.org\/{rel}","templated":true}]}}