{"id":164,"date":"2022-01-30T21:44:08","date_gmt":"2022-01-30T18:44:08","guid":{"rendered":"https:\/\/egegazetesi.com\/?p=164"},"modified":"2022-01-30T21:44:08","modified_gmt":"2022-01-30T18:44:08","slug":"altayda-aydindan-3-yillik-imza","status":"publish","type":"post","link":"https:\/\/akdenizhaberajansi.com\/index.php\/2022\/01\/30\/altayda-aydindan-3-yillik-imza\/","title":{"rendered":"Altay&#8217;da Ayd\u0131n&#8217;dan 3 Y\u0131ll\u0131k \u0130mza"},"content":{"rendered":"<h2 class=\"nd-article__spot\">Spor Toto 1&#8217;inci Lig&#8217;de \u00fcst \u00fcste 4 galibiyetle Play-Off yar\u0131\u015f\u0131na ortak olan\u00a0<a class=\"inline-keyword from-content\" href=\"https:\/\/www.milliyet.com.tr\/haberleri\/altay\" target=\"_blank\" rel=\"noopener\">Altay<\/a>&#8216;da kaleci\u00a0<a class=\"inline-keyword from-content\" href=\"https:\/\/www.milliyet.com.tr\/haberleri\/aydin\" target=\"_blank\" rel=\"noopener\">Ayd\u0131n<\/a>\u00a0Ba\u011f, sezon sonunda bitecek s\u00f6zle\u015fmesini 3 y\u0131ll\u0131\u011f\u0131na uzatt\u0131.<\/h2>\n<p>Manisa B\u00fcy\u00fck\u015fehir Belediyespor&#8217;dan transfer oldu\u011fu siyah-beyazl\u0131larda \u00fc\u00e7\u00fcnc\u00fc sezonunu ge\u00e7iren 25 ya\u015f\u0131ndaki file bek\u00e7isi, Sportif Direkt\u00f6r \u00d6zden T\u00f6rayd\u0131n&#8217;la bir araya gelerek 3 y\u0131ll\u0131k yeni kontrat imzalad\u0131.\u00a0<a class=\"inline-keyword from-service\" href=\"https:\/\/www.milliyet.com.tr\/haberleri\/altay\" target=\"_blank\" rel=\"noopener\">Altay<\/a>&#8216;da 2017&#8217;de 3. Lig&#8217;de Play-Off \u015fampiyonlu\u011fu ya\u015fayan, ge\u00e7en sezonun ikinci yar\u0131s\u0131nda Sultanbeyli Belediyespor&#8217;a kiralanan\u00a0<a class=\"inline-keyword from-service\" href=\"https:\/\/www.milliyet.com.tr\/haberleri\/aydin\" target=\"_blank\" rel=\"noopener\">Ayd\u0131n<\/a>, ligde bu sezon son 3 ma\u00e7t\u0131r kaleyi devralarak teknik heyete g\u00fcven verdi.<\/p>\n","protected":false},"excerpt":{"rendered":"<p>Spor Toto 1&#8217;inci Lig&#8217;de \u00fcst \u00fcste 4 galibiyetle Play-Off yar\u0131\u015f\u0131na ortak olan\u00a0Altay&#8216;da kaleci\u00a0Ayd\u0131n\u00a0Ba\u011f, sezon sonunda&#8230;<\/p>\n","protected":false},"author":2,"featured_media":165,"comment_status":"open","ping_status":"open","sticky":false,"template":"","format":"standard","meta":{"footnotes":""},"categories":[5],"tags":[7,8,10],"class_list":["post-164","post","type-post","status-publish","format-standard","has-post-thumbnail","hentry","category-spor","tag-altay","tag-ege","tag-izmir"],"_links":{"self":[{"href":"https:\/\/akdenizhaberajansi.com\/index.php\/wp-json\/wp\/v2\/posts\/164","targetHints":{"allow":["GET"]}}],"collection":[{"href":"https:\/\/akdenizhaberajansi.com\/index.php\/wp-json\/wp\/v2\/posts"}],"about":[{"href":"https:\/\/akdenizhaberajansi.com\/index.php\/wp-json\/wp\/v2\/types\/post"}],"author":[{"embeddable":true,"href":"https:\/\/akdenizhaberajansi.com\/index.php\/wp-json\/wp\/v2\/users\/2"}],"replies":[{"embeddable":true,"href":"https:\/\/akdenizhaberajansi.com\/index.php\/wp-json\/wp\/v2\/comments?post=164"}],"version-history":[{"count":0,"href":"https:\/\/akdenizhaberajansi.com\/index.php\/wp-json\/wp\/v2\/posts\/164\/revisions"}],"wp:featuredmedia":[{"embeddable":true,"href":"https:\/\/akdenizhaberajansi.com\/index.php\/wp-json\/"}],"wp:attachment":[{"href":"https:\/\/akdenizhaberajansi.com\/index.php\/wp-json\/wp\/v2\/media?parent=164"}],"wp:term":[{"taxonomy":"category","embeddable":true,"href":"https:\/\/akdenizhaberajansi.com\/index.php\/wp-json\/wp\/v2\/categories?post=164"},{"taxonomy":"post_tag","embeddable":true,"href":"https:\/\/akdenizhaberajansi.com\/index.php\/wp-json\/wp\/v2\/tags?post=164"}],"curies":[{"name":"wp","href":"https:\/\/api.w.org\/{rel}","templated":true}]}}