{"id":1269,"date":"2024-06-03T14:44:39","date_gmt":"2024-06-03T11:44:39","guid":{"rendered":"https:\/\/akdenizhaberajansi.com\/?p=1269"},"modified":"2024-06-03T14:44:40","modified_gmt":"2024-06-03T11:44:40","slug":"antalya-bu-hafta-yanacak-afrika-sicaklari-geliyor","status":"publish","type":"post","link":"https:\/\/akdenizhaberajansi.com\/index.php\/2024\/06\/03\/antalya-bu-hafta-yanacak-afrika-sicaklari-geliyor\/","title":{"rendered":"Antalya bu hafta yanacak! Afrika s\u0131caklar\u0131 geliyor"},"content":{"rendered":"\n<p>Meteoroloji Genel M\u00fcd\u00fcrl\u00fc\u011f\u00fc bu hafta Antalya ve yurt geneli i\u00e7in s\u0131cakl\u0131k uyar\u0131s\u0131nda bulundu. Bu hafta Afrika \u00fczerinden T\u00fcrkiye&#8217;ye giri\u015f yapacak s\u0131cak hava dalgas\u0131 sonucu yurdun b\u00fcy\u00fck bir b\u00f6l\u00fcm\u00fc s\u0131cak havan\u0131n esiri olacak. Antalya&#8217;da ise s\u0131cakl\u0131klar 40 dereceye kadar y\u00fckselecek. Uzmanlar 11 ile 16 saatleri aras\u0131nda vatanda\u015flar\u0131n dikkatli olmas\u0131 gerekti\u011fini s\u00f6yledi.<\/p>\n\n\n\n<p><a href=\"https:\/\/www.antalyakorfez.com\/haberleri\/antalya\" target=\"_blank\" rel=\"noreferrer noopener\">Antalya<\/a>&nbsp;son haftalarda yer yer kapal\u0131 ve bulutlu havalar etkili olurken haziran ay\u0131n\u0131n gelmesiyle beraber s\u0131cakl\u0131klarda ani y\u00fckseli\u015fler ya\u015fanacak. Meteoroloji Genel M\u00fcd\u00fcrl\u00fc\u011f\u00fc\u2019n\u00fcn uyar\u0131lar\u0131na g\u00f6re bu hafta Antalya\u2019da s\u0131cakl\u0131klar 40 dereceye kadar y\u00fckselirken uzmanlar g\u00fcne\u015fin tam tepe de oldu\u011fu 11 ve 16 saatlerinde dikkatli ve tedbirli olmalar\u0131 gerekmektedir \u015feklinde uyar\u0131larda bulundu.&nbsp;<\/p>\n\n\n\n<h2 class=\"wp-block-heading\"><strong>AFR\u0130KA SICAKLARI GEL\u0130YOR<\/strong><\/h2>\n\n\n\n<p>Meteoroloji Genel M\u00fcd\u00fcrl\u00fc\u011f\u00fc yurt geneli i\u00e7in s\u0131cakl\u0131k uyar\u0131s\u0131nda bulundu. Afrika \u00fczerinden gelecek&nbsp;<a href=\"https:\/\/www.antalyakorfez.com\/haberleri\/sicak-hava\" target=\"_blank\" rel=\"noreferrer noopener\">s\u0131cak hava<\/a>&nbsp;dalgas\u0131 sonras\u0131 T\u00fcrkiye genelinde s\u0131cakl\u0131klarda anormal y\u00fckseli\u015fler ya\u015fanacak. Yer yer termometreler 40 dereceyi g\u00f6sterecek. Yap\u0131lan son meteorolojik de\u011ferlendirmelere g\u00f6re; ge\u00e7en hafta boyunca T\u00fcrkiye\u2019yi etkileyen ya\u011f\u0131\u015fl\u0131 ve serin havan\u0131n yurdu terk ederek, yerini s\u0131cak ve ya\u011f\u0131\u015fs\u0131z bir havaya b\u0131rakaca\u011f\u0131 tahmin edilmiyor. Hava s\u0131cakl\u0131klar\u0131n\u0131n yurdun bat\u0131 kesimlerinden ba\u015flayarak artaca\u011f\u0131, hafta ortas\u0131na kadar Yurdun bat\u0131, i\u00e7 ve g\u00fcney kesimlerinde 6 ila 10 derece, Karadeniz sahil kesiminde ise 3 ila 6 derece mevsim normalleri \u00fczerine \u00e7\u0131kmas\u0131 bekleniyor.<\/p>\n","protected":false},"excerpt":{"rendered":"<p>Meteoroloji Genel M\u00fcd\u00fcrl\u00fc\u011f\u00fc bu hafta Antalya ve yurt geneli i\u00e7in s\u0131cakl\u0131k uyar\u0131s\u0131nda bulundu. Bu hafta&#8230;<\/p>\n","protected":false},"author":1,"featured_media":1270,"comment_status":"open","ping_status":"open","sticky":false,"template":"","format":"standard","meta":{"footnotes":""},"categories":[6,1],"tags":[],"class_list":["post-1269","post","type-post","status-publish","format-standard","has-post-thumbnail","hentry","category-antalya","category-genel"],"_links":{"self":[{"href":"https:\/\/akdenizhaberajansi.com\/index.php\/wp-json\/wp\/v2\/posts\/1269","targetHints":{"allow":["GET"]}}],"collection":[{"href":"https:\/\/akdenizhaberajansi.com\/index.php\/wp-json\/wp\/v2\/posts"}],"about":[{"href":"https:\/\/akdenizhaberajansi.com\/index.php\/wp-json\/wp\/v2\/types\/post"}],"author":[{"embeddable":true,"href":"https:\/\/akdenizhaberajansi.com\/index.php\/wp-json\/wp\/v2\/users\/1"}],"replies":[{"embeddable":true,"href":"https:\/\/akdenizhaberajansi.com\/index.php\/wp-json\/wp\/v2\/comments?post=1269"}],"version-history":[{"count":1,"href":"https:\/\/akdenizhaberajansi.com\/index.php\/wp-json\/wp\/v2\/posts\/1269\/revisions"}],"predecessor-version":[{"id":1271,"href":"https:\/\/akdenizhaberajansi.com\/index.php\/wp-json\/wp\/v2\/posts\/1269\/revisions\/1271"}],"wp:featuredmedia":[{"embeddable":true,"href":"https:\/\/akdenizhaberajansi.com\/index.php\/wp-json\/wp\/v2\/media\/1270"}],"wp:attachment":[{"href":"https:\/\/akdenizhaberajansi.com\/index.php\/wp-json\/wp\/v2\/media?parent=1269"}],"wp:term":[{"taxonomy":"category","embeddable":true,"href":"https:\/\/akdenizhaberajansi.com\/index.php\/wp-json\/wp\/v2\/categories?post=1269"},{"taxonomy":"post_tag","embeddable":true,"href":"https:\/\/akdenizhaberajansi.com\/index.php\/wp-json\/wp\/v2\/tags?post=1269"}],"curies":[{"name":"wp","href":"https:\/\/api.w.org\/{rel}","templated":true}]}}