{"id":1131,"date":"2023-05-06T15:59:05","date_gmt":"2023-05-06T12:59:05","guid":{"rendered":"https:\/\/akdenizhaberajansi.com\/?p=1131"},"modified":"2023-05-06T15:59:05","modified_gmt":"2023-05-06T12:59:05","slug":"atso-baskani-ali-bahar-tuketici-fiyatinda-yillik-enflasyon-yuzde-43-68-olurken-fiyati-en-cok-artan-urun-kuzu-eti-oldu-dedi","status":"publish","type":"post","link":"https:\/\/akdenizhaberajansi.com\/index.php\/2023\/05\/06\/atso-baskani-ali-bahar-tuketici-fiyatinda-yillik-enflasyon-yuzde-43-68-olurken-fiyati-en-cok-artan-urun-kuzu-eti-oldu-dedi\/","title":{"rendered":"ATSO Ba\u015fkan\u0131 Ali Bahar, &#8220;T\u00fcketici fiyat\u0131nda y\u0131ll\u0131k enflasyon y\u00fczde 43.68 olurken, fiyat\u0131 en \u00e7ok artan \u00fcr\u00fcn kuzu eti oldu&#8221; dedi."},"content":{"rendered":"\n<h1 class=\"wp-block-heading\">Fiyat\u0131 En \u00c7ok Artan \u00dcr\u00fcn Kuzu Oldu! Enflasyona \u00d6nlem Al\u0131nmal\u0131<\/h1>\n\n\n\n<h2 class=\"wp-block-heading\">N\u0130SAN ay\u0131 enflasyon oranlar\u0131n\u0131 de\u011ferlendiren ATSO Ba\u015fkan\u0131 Ali Bahar, &#8220;T\u00fcketici fiyat\u0131nda y\u0131ll\u0131k enflasyon y\u00fczde 43.68 olurken, fiyat\u0131 en \u00e7ok artan \u00fcr\u00fcn kuzu eti oldu&#8221; dedi.<\/h2>\n\n\n\n<p>N\u0130SAN ay\u0131 enflasyon oranlar\u0131n\u0131 de\u011ferlendiren ATSO Ba\u015fkan\u0131 Ali Bahar, &#8220;T\u00fcketici fiyat\u0131nda y\u0131ll\u0131k enflasyon y\u00fczde 43.68 olurken, fiyat\u0131 en \u00e7ok artan \u00fcr\u00fcn kuzu eti oldu&#8221; dedi<strong>.<\/strong><\/p>\n\n\n\n<p>T\u00fcrkiye \u0130statistik Kurumu (T\u00dc\u0130K), T\u00fcketici Fiyat Endeksi&#8217;nin (T\u00dcFE) nisan ay\u0131nda, ayl\u0131k bazda y\u00fczde 2.39, y\u0131ll\u0131k bazda y\u00fczde 43.68 art\u0131\u015f g\u00f6sterdi\u011fini a\u00e7\u0131klad\u0131. Y\u0131ll\u0131k enflasyonun ise yurt i\u00e7i \u00fcretici fiyatlar\u0131nda y\u00fczde 52.11 oldu\u011fu belirtildi. Nisan ay\u0131 enflasyon oranlar\u0131na g\u00f6re fiyat\u0131 en \u00e7ok artan \u00fcr\u00fcn\u00fcn kuzu eti oldu\u011funa dikkati \u00e7eken Antalya Ticaret ve Sanayi Odas\u0131 (ATSO) Ba\u015fkan\u0131 Ali Bahar, &#8220;Madde baz\u0131nda fiyat\u0131 en \u00e7ok artan g\u0131da \u00fcr\u00fcn\u00fc y\u00fczde 21.47 ile kuzu eti oldu. \u00d6zellikle k\u0131rm\u0131z\u0131 ve beyaz et fiyatlar\u0131ndaki art\u0131\u015f g\u0131da enflasyonunda belirleyici olmu\u015ftur&#8221; diye konu\u015ftu<strong>.<\/strong><\/p>\n\n\n\n<p><strong>GIDADA G\u00dcVENCE SORUNU<\/strong><\/p>\n\n\n\n<p>G\u0131da enflasyonunun vatanda\u015f\u0131n ya\u015fam kalitesini d\u00fc\u015f\u00fcrd\u00fc\u011f\u00fcne i\u015faret eden Ba\u015fkan Bahar, &#8220;Bu \u00fclkemize \u00f6zg\u00fc bir g\u0131da g\u00fcvencesi sorununa d\u00f6n\u00fc\u015fmeye ba\u015flam\u0131\u015ft\u0131r. Yap\u0131lan kamuoyu ara\u015ft\u0131rmalar\u0131, vatanda\u015f\u0131n \u00f6\u011f\u00fcn say\u0131s\u0131n\u0131 d\u00fc\u015f\u00fcr\u00fcrken, y\u00fczde 62&#8217;sinin de et t\u00fcketimini azaltt\u0131\u011f\u0131n\u0131 ortaya koymu\u015ftur&#8221; dedi. Tar\u0131msal girdi maliyetlerinin art\u0131\u015f\u0131 ve TL&#8217;nin de\u011fer kaybetmesinin g\u0131da enflasyonunda \u00f6nemli bir rol oynad\u0131\u011f\u0131na dikkati \u00e7eken Ba\u015fkan Bahar, &#8220;G\u00fcncel kurakl\u0131k ve iklim de\u011fi\u015fikli\u011fi sorunlar\u0131 e\u011fer \u00f6nlem al\u0131nmaz ise &#8220;g\u0131da enflasyonu&#8221; ve &#8220;g\u0131da g\u00fcvencesi&#8221; sorunlar\u0131n\u0131 daha da \u015fiddetlendirecektir. Tar\u0131msal g\u0131da piyasalar\u0131nda uzun vadeli, \u00fcretim planlamas\u0131, verimlilik art\u0131\u015f\u0131, etkin destek politikas\u0131n\u0131 i\u00e7eren yap\u0131sal politikalara ihtiya\u00e7 vard\u0131r&#8221; diye konu\u015ftu<strong>.<\/strong><\/p>\n\n\n\n<p><strong>EN Y\u00dcKSEK AYLIK ARTI\u015e HABERLE\u015eME GRUBUNDA<\/strong><\/p>\n\n\n\n<p>T\u00dcFE ve ayl\u0131k harcama gruplar\u0131 itibar\u0131yla en y\u00fcksek art\u0131\u015f\u0131n y\u00fczde 5.93 ile haberle\u015fmede oldu\u011funu dile getiren Ali Bahar, &#8220;Y\u0131ll\u0131k bazda en y\u00fcksek art\u0131\u015f y\u00fczde 66.62 ile sa\u011fl\u0131k, y\u00fczde 66.41 ile lokanta ve otel harcama gruplar\u0131nda oldu\u011fu g\u00f6r\u00fclm\u00fc\u015ft\u00fcr. Ayr\u0131ca T\u00dc\u0130K&#8217;in T\u00dcFE verilerine g\u00f6re y\u0131ll\u0131k enflasyon g\u0131dada y\u00fczde 53.92, e\u011fitimde y\u00fczde 44,07, konutta y\u00fczde 43,18 ve giyimde y\u00fczde 13,82 d\u00fczeyinde ger\u00e7ekle\u015fmi\u015ftir&#8221; dedi. Yurt \u0130\u00e7i \u00dcretici Fiyat Endeksi&#8217;nin (Y\u0130-\u00dcFE) nisan ay\u0131nda bir \u00f6nceki aya g\u00f6re y\u00fczde 0,8 art\u0131\u015f g\u00f6sterdi\u011fini belirten Ba\u015fkan Bahar, s\u00f6zlerini \u015f\u00f6yle s\u00fcrd\u00fcrd\u00fc;<\/p>\n\n\n\n<p>&#8220;Y\u0131ll\u0131k y\u00fczde 52.11 d\u00fczeyinde ger\u00e7ekle\u015fmi\u015ftir. Y\u0131ll\u0131k \u00dcFE i\u00e7eceklerde y\u00fczde 113,06, ecza \u00fcr\u00fcnlerinde y\u00fczde 93,61, g\u0131da \u00fcr\u00fcnlerinde y\u00fczde 72,19 d\u00fczeyinde olurken, y\u0131ll\u0131k enerji fiyatlar\u0131nda ise art\u0131\u015f h\u0131z\u0131nda gerileme g\u00f6r\u00fclm\u00fc\u015ft\u00fcr. Bunun nedeni aral\u0131k 2022&#8217;den itibaren k\u00fcresel enerji fiyatlar\u0131nda ya\u015fanan a\u015fa\u011f\u0131 y\u00f6nl\u00fc trend ve yurti\u00e7inde elektrik ve do\u011fal gaz fiyatlar\u0131na yap\u0131lan indirimlerdir<strong>.&#8221;<\/strong><\/p>\n\n\n\n<p><strong>ENFLASYON GER\u0130LEMEYE DEVAM ETSE DE BASKI S\u00dcR\u00dcYOR<\/strong><\/p>\n\n\n\n<p>D\u00f6viz kurlar\u0131n\u0131n son 6 ayl\u0131k d\u00f6nemdeki yatay seyri, k\u00fcresel enerji ve emtia fiyatlar\u0131ndaki d\u00fc\u015f\u00fc\u015f\u00fcn enflasyonun h\u0131z\u0131n\u0131 yava\u015flatt\u0131\u011f\u0131n\u0131 kaydeden Ba\u015fkan Bahar, &#8220;Enflasyon mart ay\u0131nda oldu\u011fu gibi baz etkisine ba\u011fl\u0131 olarak gerilemesini s\u00fcrd\u00fcrse de y\u0131ll\u0131k ortalama enflasyonun cari h\u0131z\u0131 T\u00dcFE&#8217;de y\u00fczde 65-70, \u00dcFE&#8217;de y\u00fczde 120 band\u0131nda seyretmi\u015ftir. Ancak mevcut d\u0131\u015f ticaret a\u00e7\u0131\u011f\u0131 yan\u0131 s\u0131ra enflasyonun temel belirleyicilerinden olan ithal hammadde fiyatlar\u0131 USD baz\u0131nda t\u00fcm d\u00fcnyada d\u00fc\u015fmesine ra\u011fmen \u00fclkemizde TL baz\u0131nda art\u0131\u015f\u0131 enflasyonla m\u00fccadeleyi g\u00fc\u00e7le\u015ftirmektedir. Bunun yan\u0131 s\u0131ra ABD&#8217;de FED&#8217;in sert faiz art\u0131\u015f\u0131 politikas\u0131 da uluslararas\u0131 sermaye ak\u0131mlar\u0131n\u0131 etkiledi\u011finden T\u00fcrkiye&#8217;de Merkez Bankas\u0131&#8217;n\u0131n hem fiyat ve hem de d\u00f6viz kuru istikrar\u0131na y\u00f6nelik politikalar\u0131 \u00fczerinde bask\u0131 yaratmaktad\u0131r&#8221; dedi<strong>.<\/strong><\/p>\n\n\n\n<p><strong>GEL\u0130R- YA\u015eAM MAKASI A\u00c7ILIYOR<\/strong><\/p>\n\n\n\n<p>Y\u00fcksek enflasyonun gelir-ya\u015fam maliyeti makas\u0131n\u0131 daha da a\u00e7t\u0131\u011f\u0131n\u0131 dile getiren Ba\u015fkan Bahar, &#8220;T\u00dc\u0130K&#8217;in a\u00e7\u0131klad\u0131\u011f\u0131 g\u0131da, e\u011fitim, sa\u011fl\u0131k ve konut gruplar\u0131ndaki fiyat art\u0131\u015flar\u0131 \u00f6zellikle alt ve orta gelirli ailelerin harcamalar\u0131 i\u00e7inde a\u011f\u0131rl\u0131kl\u0131 alanlar\u0131 olu\u015fturdu\u011fundan bu grupta yer alan vatanda\u015flar\u0131n hayat pahal\u0131l\u0131\u011f\u0131n\u0131 yo\u011fun bir \u015fekilde hissetmelerine neden olmaktad\u0131r. T\u00fcrkiye&#8217;de y\u00fcksek enflasyon bir yandan d\u00f6viz giri\u015fini zora sokarken di\u011fer yandan vatanda\u015f\u0131 d\u00f6viz al\u0131m\u0131na y\u00f6nlendirerek dolarizasyonu beslemektedir. Bu durum da kurlar\u0131n daha da y\u00fckselmesine ve sonu\u00e7ta tekrar enflasyona neden olmaktad\u0131r&#8221; diye konu\u015ftu<strong>.<\/strong><\/p>\n\n\n\n<p>Enflasyonla kal\u0131c\u0131 m\u00fccadelenin \u00f6nemini vurgulayan Ba\u015fkan Bahar, &#8220;H\u00fck\u00fcmetin ba\u015flatt\u0131\u011f\u0131 enerji fiyatlar\u0131nda indirim uygulamas\u0131n\u0131n devam etmesi, temel girdi fiyatlar\u0131n\u0131n d\u00fc\u015f\u00fc\u015f\u00fc ve d\u00f6viz kurunun da makul seviyelere gerilemesi ve cari a\u00e7\u0131k seviyesinin gerilemesi enflasyon ile m\u00fccadele i\u00e7in \u00f6nem arz etmektedir. Ancak y\u00fcksek cari a\u00e7\u0131k, d\u00f6viz i\u015flemlerinde devam eden k\u0131s\u0131tlamalar ve piyasada d\u00f6viz kurunun y\u00fckselece\u011fine dair g\u00fc\u00e7l\u00fc beklentiler enflasyon ataletinin k\u0131r\u0131lmas\u0131n\u0131 zorla\u015ft\u0131rmaktad\u0131r. Bu nedenle toplumda enflasyonun d\u00fc\u015fece\u011fine dair olumlu beklenti ortam\u0131n\u0131n olu\u015fturulmas\u0131na ve reel sekt\u00f6re d\u00f6viz ihtiyac\u0131n\u0131n kar\u015f\u0131lanmas\u0131 bu m\u00fccadelenin \u00f6nemli bir par\u00e7as\u0131d\u0131r&#8221; dedi<strong>.<\/strong><\/p>\n","protected":false},"excerpt":{"rendered":"<p>Fiyat\u0131 En \u00c7ok Artan \u00dcr\u00fcn Kuzu Oldu! Enflasyona \u00d6nlem Al\u0131nmal\u0131 N\u0130SAN ay\u0131 enflasyon oranlar\u0131n\u0131 de\u011ferlendiren&#8230;<\/p>\n","protected":false},"author":1,"featured_media":1132,"comment_status":"open","ping_status":"open","sticky":false,"template":"","format":"standard","meta":{"footnotes":""},"categories":[6,1],"tags":[],"class_list":["post-1131","post","type-post","status-publish","format-standard","has-post-thumbnail","hentry","category-antalya","category-genel"],"_links":{"self":[{"href":"https:\/\/akdenizhaberajansi.com\/index.php\/wp-json\/wp\/v2\/posts\/1131","targetHints":{"allow":["GET"]}}],"collection":[{"href":"https:\/\/akdenizhaberajansi.com\/index.php\/wp-json\/wp\/v2\/posts"}],"about":[{"href":"https:\/\/akdenizhaberajansi.com\/index.php\/wp-json\/wp\/v2\/types\/post"}],"author":[{"embeddable":true,"href":"https:\/\/akdenizhaberajansi.com\/index.php\/wp-json\/wp\/v2\/users\/1"}],"replies":[{"embeddable":true,"href":"https:\/\/akdenizhaberajansi.com\/index.php\/wp-json\/wp\/v2\/comments?post=1131"}],"version-history":[{"count":1,"href":"https:\/\/akdenizhaberajansi.com\/index.php\/wp-json\/wp\/v2\/posts\/1131\/revisions"}],"predecessor-version":[{"id":1133,"href":"https:\/\/akdenizhaberajansi.com\/index.php\/wp-json\/wp\/v2\/posts\/1131\/revisions\/1133"}],"wp:featuredmedia":[{"embeddable":true,"href":"https:\/\/akdenizhaberajansi.com\/index.php\/wp-json\/wp\/v2\/media\/1132"}],"wp:attachment":[{"href":"https:\/\/akdenizhaberajansi.com\/index.php\/wp-json\/wp\/v2\/media?parent=1131"}],"wp:term":[{"taxonomy":"category","embeddable":true,"href":"https:\/\/akdenizhaberajansi.com\/index.php\/wp-json\/wp\/v2\/categories?post=1131"},{"taxonomy":"post_tag","embeddable":true,"href":"https:\/\/akdenizhaberajansi.com\/index.php\/wp-json\/wp\/v2\/tags?post=1131"}],"curies":[{"name":"wp","href":"https:\/\/api.w.org\/{rel}","templated":true}]}}