{"id":1122,"date":"2023-05-06T15:55:27","date_gmt":"2023-05-06T12:55:27","guid":{"rendered":"https:\/\/akdenizhaberajansi.com\/?p=1122"},"modified":"2023-05-06T15:55:27","modified_gmt":"2023-05-06T12:55:27","slug":"vali-ersin-yazici-elmalida","status":"publish","type":"post","link":"https:\/\/akdenizhaberajansi.com\/index.php\/2023\/05\/06\/vali-ersin-yazici-elmalida\/","title":{"rendered":"VAL\u0130 Ersin Yaz\u0131c\u0131, Elmal\u0131&#8217;da"},"content":{"rendered":"\n<p>Antalya \u00dcretim A\u00e7\u0131s\u0131ndan \u00d6nemli Bir Yer<br>VAL\u0130 Ersin Yaz\u0131c\u0131, Elmal\u0131&#8217;da b\u00fcy\u00fckba\u015f hayvan yeti\u015ftiricili\u011fi ve s\u00fct \u00fcretimi \u00fczerine faaliyet g\u00f6steren \u00e7iftlik ile yurtd\u0131\u015f\u0131 sebze iharacat\u0131 yapan firmalar\u0131 ziyaret etti.<br>VAL\u0130 Ersin Yaz\u0131c\u0131, Elmal\u0131&#8217;da b\u00fcy\u00fckba\u015f hayvan yeti\u015ftiricili\u011fi ve s\u00fct \u00fcretimi \u00fczerine faaliyet g\u00f6steren \u00e7iftlik ile yurtd\u0131\u015f\u0131 sebze iharacat\u0131 yapan firmalar\u0131 ziyaret etti. \u00dcretim sistemi konusunda firma yetkililerinden bilgi alan Vali Yaz\u0131c\u0131, &#8220;Antalya&#8217;m\u0131z \u00f6nemli bir \u00fcretim \u00fcss\u00fc. Biz de \u00fcretime destek veren, katk\u0131 sunan firmalar\u0131m\u0131z\u0131n daima yan\u0131nday\u0131z&#8221; dedi.<\/p>\n\n\n\n<p>Elmal\u0131&#8217;da 20 dekar arazi \u00fczerinde 200 b\u00fcy\u00fckba\u015f hayvan yeti\u015ftiricili\u011fi, 70 sa\u011fmal ile g\u00fcnl\u00fck 2,5 ton s\u00fct \u00fcretiminin yap\u0131ld\u0131\u011f\u0131 \u00e7iftli\u011fi ziyaret eden Vali Ersin Yaz\u0131c\u0131, sahipleri Fatih ve Melahat \u00d6zg\u00fcr&#8217;den hayvan yeti\u015ftiricili\u011fi \u00fcretim sistemi, pazarlama ve istihdam konular\u0131nda bilgi ald\u0131. Ziyarette Vali Yaz\u0131c\u0131&#8217;ya bilgi veren \u00e7iftlik sahipleri Fatih ve Melahat \u00d6zg\u00fcr, teknolojik geli\u015fmeleri yak\u0131ndan takip ederek kendilerine uyarlad\u0131klar\u0131n\u0131 ve hijyen fakt\u00f6r\u00fcn\u00fc \u00fcst d\u00fczeyde tuttuklar\u0131n\u0131 belitti.<\/p>\n\n\n\n<p>&#8216;\u00dcRET\u0130M, KIRMIZI \u00c7\u0130ZG\u0130M\u0130Z&#8217;<\/p>\n\n\n\n<p>\u00dcretim tesisini gezip incelemelerde bulunan Vali Yaz\u0131c\u0131, tar\u0131m ve hayvanc\u0131l\u0131\u011f\u0131n \u00f6nemine vurgu yapt\u0131. &#8220;Turizmin ba\u015fkenti Antalya&#8217;m\u0131z \u00f6nemli bir \u00fcretim \u00fcss\u00fc&#8221; diyen Vali Yaz\u0131c\u0131, \u015f\u00f6yle konu\u015ftu;<\/p>\n\n\n\n<p>&#8220;Bunu \u015fehirdeki firmalar\u0131m\u0131z\u0131 ziyaret etti\u011fimizde bir kez daha anl\u0131yoruz. \u00dcretim bizim k\u0131rm\u0131z\u0131 \u00e7izgimiz. \u00d6zellikle de tar\u0131m ve hayvanc\u0131l\u0131k konusu \u00e7ok \u00f6nemli. Ama bunlar\u0131 ayn\u0131 zamanda en nitelikli ve kaliteli \u015fekilde t\u00fcm d\u00fcnya ile yar\u0131\u015facak \u015fekilde yapmam\u0131z gerekiyor. Her zaman dedi\u011fimiz gibi bu \u00fcretimi yaparken de ayn\u0131 zamanda en nitelikli ve kaliteli \u015fekilde t\u00fcm d\u00fcnya ile yar\u0131\u015facak \u015fekilde yapmam\u0131z gerekiyor. \u00dcretmiyorsan\u0131z, \u00fcretemiyorsan\u0131z hi\u00e7bir \u015feyin anlam\u0131 yok. Bu y\u00fczden her zaman \u00fcretmeli ve \u00fcretime katk\u0131 sunmal\u0131y\u0131z. Bizler de Antalya&#8217;m\u0131zda \u00fcretime destek veren, katk\u0131 sunan firmalar\u0131m\u0131z\u0131n daima yan\u0131nday\u0131z.&#8221;<\/p>\n","protected":false},"excerpt":{"rendered":"<p>Antalya \u00dcretim A\u00e7\u0131s\u0131ndan \u00d6nemli Bir YerVAL\u0130 Ersin Yaz\u0131c\u0131, Elmal\u0131&#8217;da b\u00fcy\u00fckba\u015f hayvan yeti\u015ftiricili\u011fi ve s\u00fct \u00fcretimi&#8230;<\/p>\n","protected":false},"author":1,"featured_media":1123,"comment_status":"open","ping_status":"open","sticky":false,"template":"","format":"standard","meta":{"footnotes":""},"categories":[6,1],"tags":[],"class_list":["post-1122","post","type-post","status-publish","format-standard","has-post-thumbnail","hentry","category-antalya","category-genel"],"_links":{"self":[{"href":"https:\/\/akdenizhaberajansi.com\/index.php\/wp-json\/wp\/v2\/posts\/1122","targetHints":{"allow":["GET"]}}],"collection":[{"href":"https:\/\/akdenizhaberajansi.com\/index.php\/wp-json\/wp\/v2\/posts"}],"about":[{"href":"https:\/\/akdenizhaberajansi.com\/index.php\/wp-json\/wp\/v2\/types\/post"}],"author":[{"embeddable":true,"href":"https:\/\/akdenizhaberajansi.com\/index.php\/wp-json\/wp\/v2\/users\/1"}],"replies":[{"embeddable":true,"href":"https:\/\/akdenizhaberajansi.com\/index.php\/wp-json\/wp\/v2\/comments?post=1122"}],"version-history":[{"count":1,"href":"https:\/\/akdenizhaberajansi.com\/index.php\/wp-json\/wp\/v2\/posts\/1122\/revisions"}],"predecessor-version":[{"id":1124,"href":"https:\/\/akdenizhaberajansi.com\/index.php\/wp-json\/wp\/v2\/posts\/1122\/revisions\/1124"}],"wp:featuredmedia":[{"embeddable":true,"href":"https:\/\/akdenizhaberajansi.com\/index.php\/wp-json\/wp\/v2\/media\/1123"}],"wp:attachment":[{"href":"https:\/\/akdenizhaberajansi.com\/index.php\/wp-json\/wp\/v2\/media?parent=1122"}],"wp:term":[{"taxonomy":"category","embeddable":true,"href":"https:\/\/akdenizhaberajansi.com\/index.php\/wp-json\/wp\/v2\/categories?post=1122"},{"taxonomy":"post_tag","embeddable":true,"href":"https:\/\/akdenizhaberajansi.com\/index.php\/wp-json\/wp\/v2\/tags?post=1122"}],"curies":[{"name":"wp","href":"https:\/\/api.w.org\/{rel}","templated":true}]}}