{"id":1107,"date":"2023-05-06T15:38:26","date_gmt":"2023-05-06T12:38:26","guid":{"rendered":"https:\/\/akdenizhaberajansi.com\/?p=1107"},"modified":"2023-05-06T15:38:26","modified_gmt":"2023-05-06T12:38:26","slug":"avrupa-birliginden-uretken-yapay-zeka-icin-yeni-telif-hakki-kurallari-geliyor","status":"publish","type":"post","link":"https:\/\/akdenizhaberajansi.com\/index.php\/2023\/05\/06\/avrupa-birliginden-uretken-yapay-zeka-icin-yeni-telif-hakki-kurallari-geliyor\/","title":{"rendered":"Avrupa Birli\u011fi\u2019nden \u00fcretken yapay zeka i\u00e7in yeni telif hakk\u0131 kurallar\u0131 geliyor"},"content":{"rendered":"\n<p>D\u00fcnya yapay zek\u00e2 teknolojileriyle \u00e7alkalan\u0131rken, dev teknoloji firmalar\u0131n\u0131n bir k\u0131sm\u0131 kar\u015f\u0131 \u00e7\u0131k\u0131p bir k\u0131sm\u0131 da trendi yakalamak i\u00e7in h\u0131zla AI \u00e7al\u0131\u015fmalar\u0131 ger\u00e7ekle\u015ftirirken Avrupa Birli\u011fi Komisyonu, uzun bir s\u00fcredir \u00fczerinde \u00e7al\u0131\u015ft\u0131\u011f\u0131 bir d\u00fczenlemenin yeni kurallar\u0131n\u0131 a\u00e7\u0131klad\u0131.<\/p>\n\n\n\n<p>Buna g\u00f6re, ChatGPT gibi \u00fcretken yapay zek\u00e2 teknolojisini kullanan uygulamalar\u0131n sistemlerini geli\u015ftirmek i\u00e7in kullan\u0131lan telif hakk\u0131yla korunan materyalleri if\u015fa etmek zorunda kalacaklar.<\/p>\n\n\n\n<h2 class=\"wp-block-heading\">2 YILDIR \u00dcZER\u0130NDE \u00c7ALI\u015eILIYOR<\/h2>\n\n\n\n<p>Yapay zek\u00e2 teknolojilerinin reg\u00fclasyonu i\u00e7in 2 y\u0131ld\u0131r \u00e7al\u0131\u015f\u0131ld\u0131\u011f\u0131 belirtilirken, Avrupa Parlamentosu \u00fcyelerinin tasla\u011f\u0131 son a\u015famas\u0131na getirdi\u011fi ve tasla\u011f\u0131 AB milletvekillerinin ve \u00fcye devletlerin tasar\u0131n\u0131n son ayr\u0131nt\u0131lar\u0131n\u0131 ortaya \u00e7\u0131karacaklar\u0131 bir sonraki a\u015famaya ta\u015f\u0131maya haz\u0131r oldu\u011fu a\u00e7\u0131kland\u0131. yat\u0131r\u0131m ve pop\u00fclerlikte bir patlama ya\u015fayan geli\u015fmekte olan yapay zeka teknolojisini d\u00fczenlemek i\u00e7in yakla\u015f\u0131k iki y\u0131l \u00f6nce AI Yasas\u0131 hayata ge\u00e7irilecek.<\/p>\n\n\n\n<h2 class=\"wp-block-heading\">R\u0130SK SEV\u0130YELER\u0130NE G\u00d6RE SINIFLANDIRILACAK<\/h2>\n\n\n\n<p>Yapay zek\u00e2 teknolojilerinin ald\u0131\u011f\u0131 en b\u00fcy\u00fck ele\u015ftirilerin ba\u015f\u0131nda veri g\u00fcvenli\u011fi, yanl\u0131\u015f bilgiler verebilmesi, ayr\u0131mc\u0131 dil gibi olumsuzluklar yer al\u0131yor. Bu endi\u015fe alanlar\u0131 do\u011frultusunda, teklifler kapsam\u0131nda, AI ara\u00e7lar\u0131 alg\u0131lanan risk seviyelerine g\u00f6re s\u0131n\u0131fland\u0131r\u0131laca\u011f\u0131 a\u00e7\u0131kland\u0131. Bu s\u0131n\u0131fland\u0131rmalara g\u00f6re risk seviyeleri &#8220;minimum, s\u0131n\u0131rl\u0131, y\u00fcksek ve kabul edilemez&#8221; olacak.<\/p>\n\n\n\n<p>Y\u00fcksek riskli ara\u00e7lar yasaklanmayacak olsa da, bunlar\u0131 kullananlar\u0131n operasyonlar\u0131nda son derece \u015feffaf olmalar\u0131 gerekecek.<\/p>\n\n\n\n<p>Avrupa Parlamentosu milletvekili Svenja Hahn, &#8220;Daha fazla g\u00f6zetim i\u00e7in muhafazakar arzulara ve solcu a\u015f\u0131r\u0131 d\u00fczenleme fantezilerine kar\u015f\u0131, parlamento AI&#8217;y\u0131 orant\u0131l\u0131 olarak d\u00fczenleyecek, vatanda\u015flar\u0131n haklar\u0131n\u0131 koruyacak, inovasyonu te\u015fvik edecek ve ekonomiyi art\u0131racak sa\u011flam bir uzla\u015fma buldu&#8221; \u015feklinde konu\u015ftu.<\/p>\n","protected":false},"excerpt":{"rendered":"<p>D\u00fcnya yapay zek\u00e2 teknolojileriyle \u00e7alkalan\u0131rken, dev teknoloji firmalar\u0131n\u0131n bir k\u0131sm\u0131 kar\u015f\u0131 \u00e7\u0131k\u0131p bir k\u0131sm\u0131 da&#8230;<\/p>\n","protected":false},"author":1,"featured_media":1108,"comment_status":"open","ping_status":"open","sticky":false,"template":"","format":"standard","meta":{"footnotes":""},"categories":[2,1],"tags":[],"class_list":["post-1107","post","type-post","status-publish","format-standard","has-post-thumbnail","hentry","category-bilim","category-genel"],"_links":{"self":[{"href":"https:\/\/akdenizhaberajansi.com\/index.php\/wp-json\/wp\/v2\/posts\/1107","targetHints":{"allow":["GET"]}}],"collection":[{"href":"https:\/\/akdenizhaberajansi.com\/index.php\/wp-json\/wp\/v2\/posts"}],"about":[{"href":"https:\/\/akdenizhaberajansi.com\/index.php\/wp-json\/wp\/v2\/types\/post"}],"author":[{"embeddable":true,"href":"https:\/\/akdenizhaberajansi.com\/index.php\/wp-json\/wp\/v2\/users\/1"}],"replies":[{"embeddable":true,"href":"https:\/\/akdenizhaberajansi.com\/index.php\/wp-json\/wp\/v2\/comments?post=1107"}],"version-history":[{"count":1,"href":"https:\/\/akdenizhaberajansi.com\/index.php\/wp-json\/wp\/v2\/posts\/1107\/revisions"}],"predecessor-version":[{"id":1109,"href":"https:\/\/akdenizhaberajansi.com\/index.php\/wp-json\/wp\/v2\/posts\/1107\/revisions\/1109"}],"wp:featuredmedia":[{"embeddable":true,"href":"https:\/\/akdenizhaberajansi.com\/index.php\/wp-json\/wp\/v2\/media\/1108"}],"wp:attachment":[{"href":"https:\/\/akdenizhaberajansi.com\/index.php\/wp-json\/wp\/v2\/media?parent=1107"}],"wp:term":[{"taxonomy":"category","embeddable":true,"href":"https:\/\/akdenizhaberajansi.com\/index.php\/wp-json\/wp\/v2\/categories?post=1107"},{"taxonomy":"post_tag","embeddable":true,"href":"https:\/\/akdenizhaberajansi.com\/index.php\/wp-json\/wp\/v2\/tags?post=1107"}],"curies":[{"name":"wp","href":"https:\/\/api.w.org\/{rel}","templated":true}]}}