{"id":1029,"date":"2022-09-03T01:49:02","date_gmt":"2022-09-02T22:49:02","guid":{"rendered":"https:\/\/akdenizhaberajansi.com\/?p=1029"},"modified":"2022-09-03T01:49:03","modified_gmt":"2022-09-02T22:49:03","slug":"kepez-balik-pazari-aciliyor","status":"publish","type":"post","link":"https:\/\/akdenizhaberajansi.com\/index.php\/2022\/09\/03\/kepez-balik-pazari-aciliyor\/","title":{"rendered":"Kepez Bal\u0131k Pazar\u0131 a\u00e7\u0131l\u0131yor"},"content":{"rendered":"\n<p>Kepez Belediyesi\u2019nin Fabrikalar Mahallesi\u2019ne in\u015fa etti\u011fi bal\u0131ks\u0131rt\u0131 mimarisindeki Kepez Bal\u0131k Pazar\u0131 ve Organik Pazar, a\u00e7\u0131l\u0131\u015f i\u00e7in g\u00fcn say\u0131yor. Bal\u0131k Pazar\u0131 ve Organik Pazar\u0131\u2019nda incelemelerde bulunan Kepez Belediye Ba\u015fkan\u0131 Hakan T\u00fct\u00fcnc\u00fc,&nbsp;&nbsp;sa\u011fl\u0131kl\u0131 beslenme, sosyal hareketlilik ve esnaf\u0131n para kazanmas\u0131 anlam\u0131nda \u00e7ok fonksiyonlu bir proje oldu\u011funu s\u00f6yledi.<\/p>\n\n\n\n<p><strong>ORGAN\u0130K \u00dcR\u00dcNLER SATILACAK &nbsp;<\/strong><\/p>\n\n\n\n<p>Fabrikalar Mahallesi\u2019ndeki pazar\u0131n 7 g\u00fcn a\u00e7\u0131k olaca\u011f\u0131n\u0131 belirten Ba\u015fkan T\u00fct\u00fcnc\u00fc, \u201cBal\u0131k Pazar\u0131 ve Organik Pazar, a\u00e7\u0131ld\u0131\u011f\u0131nda y\u00fczlerce ki\u015fiye i\u015f, a\u015f ve ekmek kap\u0131s\u0131 olacak. Kepez Bal\u0131k Pazar\u0131\u2019n\u0131n hemen yan\u0131 ba\u015f\u0131nda da organik \u00fcr\u00fcnlerin sat\u0131ld\u0131\u011f\u0131 organik pazar yer al\u0131yor. Buraya gelen hem\u015fehrilerimiz hem bal\u0131k, hem de organik \u00fcr\u00fcnlere ula\u015fma imkan\u0131 bulacaklar. Kepez Bal\u0131k Pazar\u0131, hemen yan\u0131 ba\u015f\u0131ndaki Dokumapark sayesinde b\u00f6lgeye de hareketlilik getirecek. Kepez Bal\u0131k Pazar\u0131\u2019n\u0131n a\u00e7\u0131l\u0131\u015f\u0131 i\u00e7in g\u00fcn say\u0131yoruz. Hem\u015fehrilerimizin hizmetine yeni bir eser daha kazand\u0131rman\u0131n mutlulu\u011funu ya\u015f\u0131yoruz. Heyecan\u0131m\u0131z b\u00fcy\u00fck.\u201d dedi.&nbsp;<\/p>\n","protected":false},"excerpt":{"rendered":"<p>Kepez Belediyesi\u2019nin Fabrikalar Mahallesi\u2019ne in\u015fa etti\u011fi bal\u0131ks\u0131rt\u0131 mimarisindeki Kepez Bal\u0131k Pazar\u0131 ve Organik Pazar, a\u00e7\u0131l\u0131\u015f&#8230;<\/p>\n","protected":false},"author":1,"featured_media":1030,"comment_status":"open","ping_status":"open","sticky":false,"template":"","format":"standard","meta":{"footnotes":""},"categories":[6,1],"tags":[],"class_list":["post-1029","post","type-post","status-publish","format-standard","has-post-thumbnail","hentry","category-antalya","category-genel"],"_links":{"self":[{"href":"https:\/\/akdenizhaberajansi.com\/index.php\/wp-json\/wp\/v2\/posts\/1029","targetHints":{"allow":["GET"]}}],"collection":[{"href":"https:\/\/akdenizhaberajansi.com\/index.php\/wp-json\/wp\/v2\/posts"}],"about":[{"href":"https:\/\/akdenizhaberajansi.com\/index.php\/wp-json\/wp\/v2\/types\/post"}],"author":[{"embeddable":true,"href":"https:\/\/akdenizhaberajansi.com\/index.php\/wp-json\/wp\/v2\/users\/1"}],"replies":[{"embeddable":true,"href":"https:\/\/akdenizhaberajansi.com\/index.php\/wp-json\/wp\/v2\/comments?post=1029"}],"version-history":[{"count":1,"href":"https:\/\/akdenizhaberajansi.com\/index.php\/wp-json\/wp\/v2\/posts\/1029\/revisions"}],"predecessor-version":[{"id":1031,"href":"https:\/\/akdenizhaberajansi.com\/index.php\/wp-json\/wp\/v2\/posts\/1029\/revisions\/1031"}],"wp:featuredmedia":[{"embeddable":true,"href":"https:\/\/akdenizhaberajansi.com\/index.php\/wp-json\/wp\/v2\/media\/1030"}],"wp:attachment":[{"href":"https:\/\/akdenizhaberajansi.com\/index.php\/wp-json\/wp\/v2\/media?parent=1029"}],"wp:term":[{"taxonomy":"category","embeddable":true,"href":"https:\/\/akdenizhaberajansi.com\/index.php\/wp-json\/wp\/v2\/categories?post=1029"},{"taxonomy":"post_tag","embeddable":true,"href":"https:\/\/akdenizhaberajansi.com\/index.php\/wp-json\/wp\/v2\/tags?post=1029"}],"curies":[{"name":"wp","href":"https:\/\/api.w.org\/{rel}","templated":true}]}}